{"id":80780,"date":"2025-10-15T10:28:51","date_gmt":"2025-10-15T08:28:51","guid":{"rendered":"https:\/\/www.sillon38.com\/blog\/?p=80780"},"modified":"2025-10-15T10:29:45","modified_gmt":"2025-10-15T08:29:45","slug":"une-delegation-de-proprietaires-de-gites-et-chambres-dhotes-lituaniens-decouvrent-le-vercors","status":"publish","type":"post","link":"https:\/\/www.sillon38.com\/blog\/2025\/10\/15\/une-delegation-de-proprietaires-de-gites-et-chambres-dhotes-lituaniens-decouvrent-le-vercors\/","title":{"rendered":"Une d\u00e9l\u00e9gation de propri\u00e9taires de G\u00eetes et chambres d\u2019h\u00f4tes lituaniens d\u00e9couvrent le Vercors."},"content":{"rendered":"\n<p>Apr\u00e8s un passage en Auvergne et dans le Beaujolais, 30 propri\u00e9taires de G\u00eetes et Chambres d\u2019h\u00f4tes lituaniens ont \u00e9t\u00e9 accueillis \u00e0 l\u2019AFRAT cette semaine et ont pu ainsi d\u00e9couvrir les richesses et la diversit\u00e9 touristique du Vercors. <\/p>\n\n\n\n<p> Ce voyage avait \u00e9galement comme objectif de mieux conna\u00eetre l\u2019organisation du Tourisme et de l\u2019h\u00e9bergement en France. <\/p>\n\n\n\n<figure class=\"wp-block-image size-large\"><img loading=\"lazy\" decoding=\"async\" width=\"1024\" height=\"497\" src=\"https:\/\/www.sillon38.com\/blog\/wp-content\/uploads\/2025\/10\/G1-1-1024x497.jpg\" alt=\"\" class=\"wp-image-80782\" srcset=\"https:\/\/www.sillon38.com\/blog\/wp-content\/uploads\/2025\/10\/G1-1-1024x497.jpg 1024w, https:\/\/www.sillon38.com\/blog\/wp-content\/uploads\/2025\/10\/G1-1-300x146.jpg 300w, https:\/\/www.sillon38.com\/blog\/wp-content\/uploads\/2025\/10\/G1-1-768x373.jpg 768w, https:\/\/www.sillon38.com\/blog\/wp-content\/uploads\/2025\/10\/G1-1-1536x746.jpg 1536w, https:\/\/www.sillon38.com\/blog\/wp-content\/uploads\/2025\/10\/G1-1.jpg 1936w\" sizes=\"auto, (max-width: 1024px) 100vw, 1024px\" \/><\/figure>\n\n\n\n<p>C\u2019est dans cet esprit qu\u2019Ils ont pu rencontrer et \u00e9changer avec Nathalie Faure, Vice-pr\u00e9sidente du Conseil D\u00e9partemental de l\u2019Is\u00e8re, Hubert Arnaud, Maire d\u2019Autrans-M\u00e9audre en Vercors, Martine Chalign\u00e9, Directrice de l\u2019AFRAT et Nicolas Bonthoux, Directeur de l\u2019Office de Tourisme du Pays de Saint Marcellin Vercors, mais aussi \u00e9changer avec leurs homologues fran\u00e7ais, notamment Olivier Bulle, propri\u00e9taire des Gites \u00ab&nbsp;Chez l\u2019mile&nbsp;\u00bb \u00e0 Autrans.<\/p>\n\n\n\n<figure class=\"wp-block-image size-large\"><img loading=\"lazy\" decoding=\"async\" width=\"1024\" height=\"847\" src=\"https:\/\/www.sillon38.com\/blog\/wp-content\/uploads\/2025\/10\/G3-1024x847.jpg\" alt=\"\" class=\"wp-image-80784\" srcset=\"https:\/\/www.sillon38.com\/blog\/wp-content\/uploads\/2025\/10\/G3-1024x847.jpg 1024w, https:\/\/www.sillon38.com\/blog\/wp-content\/uploads\/2025\/10\/G3-300x248.jpg 300w, https:\/\/www.sillon38.com\/blog\/wp-content\/uploads\/2025\/10\/G3-768x635.jpg 768w, https:\/\/www.sillon38.com\/blog\/wp-content\/uploads\/2025\/10\/G3.jpg 1436w\" sizes=\"auto, (max-width: 1024px) 100vw, 1024px\" \/><\/figure>\n\n\n\n<p><\/p>\n\n\n\n<p><br>Ils ont aussi pu assister \u00e0 une d\u00e9monstration de mondage de la noix de Grenoble anim\u00e9 par Roland Effantin, Pr\u00e9sident de la Confr\u00e9rie de la Noix de Grenoble et Nathalie Gaillard directrice du Commit\u00e9 Interprofessionnel de la Noix de Grenoble.<br>Cet Eductour fait suite \u00e0 une rencontre entre le repr\u00e9sentant fran\u00e7ais de RURALTOUR, F\u00e9d\u00e9ration Europ\u00e9enne du Tourisme Vert, Bruno Bernab\u00e9, Pr\u00e9sident de l\u2019AFRAT, avec la pr\u00e9sidente de RuralTour, Agn\u00e9 Vaitkuvien\u0117 lors de la derni\u00e8re Assembl\u00e9e G\u00e9n\u00e9rale de Ruraltour, les 22 et 23 mai dernier \u00e0 Podkylava en Slovaquie.<\/p>\n\n\n\n<figure class=\"wp-block-image size-large\"><img loading=\"lazy\" decoding=\"async\" width=\"1024\" height=\"779\" src=\"https:\/\/www.sillon38.com\/blog\/wp-content\/uploads\/2025\/10\/G2-1024x779.jpg\" alt=\"\" class=\"wp-image-80783\" srcset=\"https:\/\/www.sillon38.com\/blog\/wp-content\/uploads\/2025\/10\/G2-1024x779.jpg 1024w, https:\/\/www.sillon38.com\/blog\/wp-content\/uploads\/2025\/10\/G2-300x228.jpg 300w, https:\/\/www.sillon38.com\/blog\/wp-content\/uploads\/2025\/10\/G2-768x585.jpg 768w, https:\/\/www.sillon38.com\/blog\/wp-content\/uploads\/2025\/10\/G2.jpg 1524w\" sizes=\"auto, (max-width: 1024px) 100vw, 1024px\" \/><\/figure>\n\n\n\n<p><br>A cette occasion, la Pr\u00e9sidente a souhait\u00e9 organiser un Eductour destin\u00e9 aux propri\u00e9taires de G\u00eetes et Chambres d\u2019h\u00f4tes lituaniens en vue de d\u00e9couvrir l\u2019organisation Fran\u00e7aise du Tourisme et de l\u2019h\u00e9bergement touristique.<br>L\u2019association lituanienne de tourisme rural (Lithuanian Countryside Tourisme Association), organisation avec laquelle est Co-organis\u00e9 ce voyage, est bas\u00e9e \u00e0 Kaunas.<\/p>\n\n\n\n<p> Il s\u2019agit d\u2019une association de niveau national qui regroupe 60 % des prestataires de services de tourisme rural en Lituanie, et qui compte pr\u00e8s de 400 membres. Les principaux objectifs et activit\u00e9s de l\u2019association sont de repr\u00e9senter les int\u00e9r\u00eats des membres de l\u2019association aupr\u00e8s des institutions nationales, de coordonner les activit\u00e9s des membres de l\u2019association, de participer au d\u00e9veloppement du tourisme rural en Lituanie et d\u2019analyser la demande de services de tourisme rural dans le pays et \u00e0 l\u2019\u00e9tranger. <\/p>\n\n\n\n<p>Pour am\u00e9liorer la qualification des membres de l\u2019Association, des s\u00e9jours dans le pays et \u00e0 l\u2019\u00e9tranger sont organis\u00e9s. L\u2019association g\u00e8re le portail de promotion du tourisme rural www.countryside.lt, qui est consult\u00e9 par 360 000 visiteurs uniques annuellement.<br>Au-del\u00e0 des visites et des \u00e9changes, cette rencontre a aussi \u00e9t\u00e9 l\u2019occasion de nouer des relations mutuellement enrichissantes avec des h\u00e9bergeurs dont la culture, diff\u00e9rente, peut aussi \u00eatre riche d\u2019enseignement pour les acteurs du tourisme du Vercors et en particulier les h\u00e9bergements labellis\u00e9s G\u00eetes de France.<\/p>\n\n\n\n<figure class=\"wp-block-image size-large\"><img loading=\"lazy\" decoding=\"async\" width=\"1024\" height=\"897\" src=\"https:\/\/www.sillon38.com\/blog\/wp-content\/uploads\/2025\/10\/G4-1024x897.jpg\" alt=\"\" class=\"wp-image-80785\" srcset=\"https:\/\/www.sillon38.com\/blog\/wp-content\/uploads\/2025\/10\/G4-1024x897.jpg 1024w, https:\/\/www.sillon38.com\/blog\/wp-content\/uploads\/2025\/10\/G4-300x263.jpg 300w, https:\/\/www.sillon38.com\/blog\/wp-content\/uploads\/2025\/10\/G4-768x673.jpg 768w, https:\/\/www.sillon38.com\/blog\/wp-content\/uploads\/2025\/10\/G4.jpg 1240w\" sizes=\"auto, (max-width: 1024px) 100vw, 1024px\" \/><\/figure>\n","protected":false},"excerpt":{"rendered":"<p>Apr\u00e8s un passage en Auvergne et dans le Beaujolais, 30 propri\u00e9taires de G\u00eetes et Chambres d\u2019h\u00f4tes lituaniens ont \u00e9t\u00e9 accueillis \u00e0 l\u2019AFRAT cette semaine et ont pu ainsi d\u00e9couvrir les richesses et la diversit\u00e9 touristique du Vercors. Ce voyage avait&#8230;<\/p>\n","protected":false},"author":2,"featured_media":0,"comment_status":"closed","ping_status":"closed","sticky":false,"template":"","format":"standard","meta":{"footnotes":""},"categories":[2,12],"tags":[6022,5626],"class_list":["post-80780","post","type-post","status-publish","format-standard","hentry","category-a-la-une","category-communaute-de-communes-du-massif-du-vercors","tag-gites-de-france-2","tag-vercors"],"yoast_head":"<!-- This site is optimized with the Yoast SEO plugin v27.5 - https:\/\/yoast.com\/product\/yoast-seo-wordpress\/ -->\n<title>Une d\u00e9l\u00e9gation de propri\u00e9taires de G\u00eetes et chambres d\u2019h\u00f4tes lituaniens d\u00e9couvrent le Vercors. -<\/title>\n<meta name=\"robots\" content=\"index, follow, max-snippet:-1, max-image-preview:large, max-video-preview:-1\" \/>\n<link rel=\"canonical\" href=\"https:\/\/www.sillon38.com\/blog\/2025\/10\/15\/une-delegation-de-proprietaires-de-gites-et-chambres-dhotes-lituaniens-decouvrent-le-vercors\/\" \/>\n<meta property=\"og:locale\" content=\"fr_FR\" \/>\n<meta property=\"og:type\" content=\"article\" \/>\n<meta property=\"og:title\" content=\"Une d\u00e9l\u00e9gation de propri\u00e9taires de G\u00eetes et chambres d\u2019h\u00f4tes lituaniens d\u00e9couvrent le Vercors. -\" \/>\n<meta property=\"og:description\" content=\"Apr\u00e8s un passage en Auvergne et dans le Beaujolais, 30 propri\u00e9taires de G\u00eetes et Chambres d\u2019h\u00f4tes lituaniens ont \u00e9t\u00e9 accueillis \u00e0 l\u2019AFRAT cette semaine et ont pu ainsi d\u00e9couvrir les richesses et la diversit\u00e9 touristique du Vercors. Ce voyage avait...\" \/>\n<meta property=\"og:url\" content=\"https:\/\/www.sillon38.com\/blog\/2025\/10\/15\/une-delegation-de-proprietaires-de-gites-et-chambres-dhotes-lituaniens-decouvrent-le-vercors\/\" \/>\n<meta property=\"article:published_time\" content=\"2025-10-15T08:28:51+00:00\" \/>\n<meta property=\"article:modified_time\" content=\"2025-10-15T08:29:45+00:00\" \/>\n<meta property=\"og:image\" content=\"https:\/\/www.sillon38.com\/blog\/wp-content\/uploads\/2025\/10\/G1-1.jpg\" \/>\n\t<meta property=\"og:image:width\" content=\"1936\" \/>\n\t<meta property=\"og:image:height\" content=\"940\" \/>\n\t<meta property=\"og:image:type\" content=\"image\/jpeg\" \/>\n<meta name=\"author\" content=\"M Coeur\" \/>\n<meta name=\"twitter:card\" content=\"summary_large_image\" \/>\n<meta name=\"twitter:label1\" content=\"\u00c9crit par\" \/>\n\t<meta name=\"twitter:data1\" content=\"M Coeur\" \/>\n\t<meta name=\"twitter:label2\" content=\"Dur\u00e9e de lecture estim\u00e9e\" \/>\n\t<meta name=\"twitter:data2\" content=\"3 minutes\" \/>\n<script type=\"application\/ld+json\" class=\"yoast-schema-graph\">{\"@context\":\"https:\\\/\\\/schema.org\",\"@graph\":[{\"@type\":\"Article\",\"@id\":\"https:\\\/\\\/www.sillon38.com\\\/blog\\\/2025\\\/10\\\/15\\\/une-delegation-de-proprietaires-de-gites-et-chambres-dhotes-lituaniens-decouvrent-le-vercors\\\/#article\",\"isPartOf\":{\"@id\":\"https:\\\/\\\/www.sillon38.com\\\/blog\\\/2025\\\/10\\\/15\\\/une-delegation-de-proprietaires-de-gites-et-chambres-dhotes-lituaniens-decouvrent-le-vercors\\\/\"},\"author\":{\"name\":\"M Coeur\",\"@id\":\"https:\\\/\\\/www.sillon38.com\\\/blog\\\/#\\\/schema\\\/person\\\/72f06b5f0494d1edc8f4e5bf63651ff1\"},\"headline\":\"Une d\u00e9l\u00e9gation de propri\u00e9taires de G\u00eetes et chambres d\u2019h\u00f4tes lituaniens d\u00e9couvrent le Vercors.\",\"datePublished\":\"2025-10-15T08:28:51+00:00\",\"dateModified\":\"2025-10-15T08:29:45+00:00\",\"mainEntityOfPage\":{\"@id\":\"https:\\\/\\\/www.sillon38.com\\\/blog\\\/2025\\\/10\\\/15\\\/une-delegation-de-proprietaires-de-gites-et-chambres-dhotes-lituaniens-decouvrent-le-vercors\\\/\"},\"wordCount\":504,\"image\":{\"@id\":\"https:\\\/\\\/www.sillon38.com\\\/blog\\\/2025\\\/10\\\/15\\\/une-delegation-de-proprietaires-de-gites-et-chambres-dhotes-lituaniens-decouvrent-le-vercors\\\/#primaryimage\"},\"thumbnailUrl\":\"https:\\\/\\\/www.sillon38.com\\\/blog\\\/wp-content\\\/uploads\\\/2025\\\/10\\\/G1-1-1024x497.jpg\",\"keywords\":[\"Gites de France\",\"Vercors\"],\"articleSection\":[\"\u00c0 la une\",\"Communaut\u00e9 de Communes du Massif du Vercors\"],\"inLanguage\":\"fr-FR\"},{\"@type\":\"WebPage\",\"@id\":\"https:\\\/\\\/www.sillon38.com\\\/blog\\\/2025\\\/10\\\/15\\\/une-delegation-de-proprietaires-de-gites-et-chambres-dhotes-lituaniens-decouvrent-le-vercors\\\/\",\"url\":\"https:\\\/\\\/www.sillon38.com\\\/blog\\\/2025\\\/10\\\/15\\\/une-delegation-de-proprietaires-de-gites-et-chambres-dhotes-lituaniens-decouvrent-le-vercors\\\/\",\"name\":\"Une d\u00e9l\u00e9gation de propri\u00e9taires de G\u00eetes et chambres d\u2019h\u00f4tes lituaniens d\u00e9couvrent le Vercors. -\",\"isPartOf\":{\"@id\":\"https:\\\/\\\/www.sillon38.com\\\/blog\\\/#website\"},\"primaryImageOfPage\":{\"@id\":\"https:\\\/\\\/www.sillon38.com\\\/blog\\\/2025\\\/10\\\/15\\\/une-delegation-de-proprietaires-de-gites-et-chambres-dhotes-lituaniens-decouvrent-le-vercors\\\/#primaryimage\"},\"image\":{\"@id\":\"https:\\\/\\\/www.sillon38.com\\\/blog\\\/2025\\\/10\\\/15\\\/une-delegation-de-proprietaires-de-gites-et-chambres-dhotes-lituaniens-decouvrent-le-vercors\\\/#primaryimage\"},\"thumbnailUrl\":\"https:\\\/\\\/www.sillon38.com\\\/blog\\\/wp-content\\\/uploads\\\/2025\\\/10\\\/G1-1-1024x497.jpg\",\"datePublished\":\"2025-10-15T08:28:51+00:00\",\"dateModified\":\"2025-10-15T08:29:45+00:00\",\"author\":{\"@id\":\"https:\\\/\\\/www.sillon38.com\\\/blog\\\/#\\\/schema\\\/person\\\/72f06b5f0494d1edc8f4e5bf63651ff1\"},\"breadcrumb\":{\"@id\":\"https:\\\/\\\/www.sillon38.com\\\/blog\\\/2025\\\/10\\\/15\\\/une-delegation-de-proprietaires-de-gites-et-chambres-dhotes-lituaniens-decouvrent-le-vercors\\\/#breadcrumb\"},\"inLanguage\":\"fr-FR\",\"potentialAction\":[{\"@type\":\"ReadAction\",\"target\":[\"https:\\\/\\\/www.sillon38.com\\\/blog\\\/2025\\\/10\\\/15\\\/une-delegation-de-proprietaires-de-gites-et-chambres-dhotes-lituaniens-decouvrent-le-vercors\\\/\"]}]},{\"@type\":\"ImageObject\",\"inLanguage\":\"fr-FR\",\"@id\":\"https:\\\/\\\/www.sillon38.com\\\/blog\\\/2025\\\/10\\\/15\\\/une-delegation-de-proprietaires-de-gites-et-chambres-dhotes-lituaniens-decouvrent-le-vercors\\\/#primaryimage\",\"url\":\"https:\\\/\\\/www.sillon38.com\\\/blog\\\/wp-content\\\/uploads\\\/2025\\\/10\\\/G1-1.jpg\",\"contentUrl\":\"https:\\\/\\\/www.sillon38.com\\\/blog\\\/wp-content\\\/uploads\\\/2025\\\/10\\\/G1-1.jpg\",\"width\":1936,\"height\":940,\"caption\":\"Screenshot\"},{\"@type\":\"BreadcrumbList\",\"@id\":\"https:\\\/\\\/www.sillon38.com\\\/blog\\\/2025\\\/10\\\/15\\\/une-delegation-de-proprietaires-de-gites-et-chambres-dhotes-lituaniens-decouvrent-le-vercors\\\/#breadcrumb\",\"itemListElement\":[{\"@type\":\"ListItem\",\"position\":1,\"name\":\"Accueil\",\"item\":\"https:\\\/\\\/www.sillon38.com\\\/blog\\\/\"},{\"@type\":\"ListItem\",\"position\":2,\"name\":\"Une d\u00e9l\u00e9gation de propri\u00e9taires de G\u00eetes et chambres d\u2019h\u00f4tes lituaniens d\u00e9couvrent le Vercors.\"}]},{\"@type\":\"WebSite\",\"@id\":\"https:\\\/\\\/www.sillon38.com\\\/blog\\\/#website\",\"url\":\"https:\\\/\\\/www.sillon38.com\\\/blog\\\/\",\"name\":\"\",\"description\":\"Le journal du monde rural\",\"potentialAction\":[{\"@type\":\"SearchAction\",\"target\":{\"@type\":\"EntryPoint\",\"urlTemplate\":\"https:\\\/\\\/www.sillon38.com\\\/blog\\\/?s={search_term_string}\"},\"query-input\":{\"@type\":\"PropertyValueSpecification\",\"valueRequired\":true,\"valueName\":\"search_term_string\"}}],\"inLanguage\":\"fr-FR\"},{\"@type\":\"Person\",\"@id\":\"https:\\\/\\\/www.sillon38.com\\\/blog\\\/#\\\/schema\\\/person\\\/72f06b5f0494d1edc8f4e5bf63651ff1\",\"name\":\"M Coeur\"}]}<\/script>\n<!-- \/ Yoast SEO plugin. -->","yoast_head_json":{"title":"Une d\u00e9l\u00e9gation de propri\u00e9taires de G\u00eetes et chambres d\u2019h\u00f4tes lituaniens d\u00e9couvrent le Vercors. -","robots":{"index":"index","follow":"follow","max-snippet":"max-snippet:-1","max-image-preview":"max-image-preview:large","max-video-preview":"max-video-preview:-1"},"canonical":"https:\/\/www.sillon38.com\/blog\/2025\/10\/15\/une-delegation-de-proprietaires-de-gites-et-chambres-dhotes-lituaniens-decouvrent-le-vercors\/","og_locale":"fr_FR","og_type":"article","og_title":"Une d\u00e9l\u00e9gation de propri\u00e9taires de G\u00eetes et chambres d\u2019h\u00f4tes lituaniens d\u00e9couvrent le Vercors. -","og_description":"Apr\u00e8s un passage en Auvergne et dans le Beaujolais, 30 propri\u00e9taires de G\u00eetes et Chambres d\u2019h\u00f4tes lituaniens ont \u00e9t\u00e9 accueillis \u00e0 l\u2019AFRAT cette semaine et ont pu ainsi d\u00e9couvrir les richesses et la diversit\u00e9 touristique du Vercors. Ce voyage avait...","og_url":"https:\/\/www.sillon38.com\/blog\/2025\/10\/15\/une-delegation-de-proprietaires-de-gites-et-chambres-dhotes-lituaniens-decouvrent-le-vercors\/","article_published_time":"2025-10-15T08:28:51+00:00","article_modified_time":"2025-10-15T08:29:45+00:00","og_image":[{"width":1936,"height":940,"url":"https:\/\/www.sillon38.com\/blog\/wp-content\/uploads\/2025\/10\/G1-1.jpg","type":"image\/jpeg"}],"author":"M Coeur","twitter_card":"summary_large_image","twitter_misc":{"\u00c9crit par":"M Coeur","Dur\u00e9e de lecture estim\u00e9e":"3 minutes"},"schema":{"@context":"https:\/\/schema.org","@graph":[{"@type":"Article","@id":"https:\/\/www.sillon38.com\/blog\/2025\/10\/15\/une-delegation-de-proprietaires-de-gites-et-chambres-dhotes-lituaniens-decouvrent-le-vercors\/#article","isPartOf":{"@id":"https:\/\/www.sillon38.com\/blog\/2025\/10\/15\/une-delegation-de-proprietaires-de-gites-et-chambres-dhotes-lituaniens-decouvrent-le-vercors\/"},"author":{"name":"M Coeur","@id":"https:\/\/www.sillon38.com\/blog\/#\/schema\/person\/72f06b5f0494d1edc8f4e5bf63651ff1"},"headline":"Une d\u00e9l\u00e9gation de propri\u00e9taires de G\u00eetes et chambres d\u2019h\u00f4tes lituaniens d\u00e9couvrent le Vercors.","datePublished":"2025-10-15T08:28:51+00:00","dateModified":"2025-10-15T08:29:45+00:00","mainEntityOfPage":{"@id":"https:\/\/www.sillon38.com\/blog\/2025\/10\/15\/une-delegation-de-proprietaires-de-gites-et-chambres-dhotes-lituaniens-decouvrent-le-vercors\/"},"wordCount":504,"image":{"@id":"https:\/\/www.sillon38.com\/blog\/2025\/10\/15\/une-delegation-de-proprietaires-de-gites-et-chambres-dhotes-lituaniens-decouvrent-le-vercors\/#primaryimage"},"thumbnailUrl":"https:\/\/www.sillon38.com\/blog\/wp-content\/uploads\/2025\/10\/G1-1-1024x497.jpg","keywords":["Gites de France","Vercors"],"articleSection":["\u00c0 la une","Communaut\u00e9 de Communes du Massif du Vercors"],"inLanguage":"fr-FR"},{"@type":"WebPage","@id":"https:\/\/www.sillon38.com\/blog\/2025\/10\/15\/une-delegation-de-proprietaires-de-gites-et-chambres-dhotes-lituaniens-decouvrent-le-vercors\/","url":"https:\/\/www.sillon38.com\/blog\/2025\/10\/15\/une-delegation-de-proprietaires-de-gites-et-chambres-dhotes-lituaniens-decouvrent-le-vercors\/","name":"Une d\u00e9l\u00e9gation de propri\u00e9taires de G\u00eetes et chambres d\u2019h\u00f4tes lituaniens d\u00e9couvrent le Vercors. -","isPartOf":{"@id":"https:\/\/www.sillon38.com\/blog\/#website"},"primaryImageOfPage":{"@id":"https:\/\/www.sillon38.com\/blog\/2025\/10\/15\/une-delegation-de-proprietaires-de-gites-et-chambres-dhotes-lituaniens-decouvrent-le-vercors\/#primaryimage"},"image":{"@id":"https:\/\/www.sillon38.com\/blog\/2025\/10\/15\/une-delegation-de-proprietaires-de-gites-et-chambres-dhotes-lituaniens-decouvrent-le-vercors\/#primaryimage"},"thumbnailUrl":"https:\/\/www.sillon38.com\/blog\/wp-content\/uploads\/2025\/10\/G1-1-1024x497.jpg","datePublished":"2025-10-15T08:28:51+00:00","dateModified":"2025-10-15T08:29:45+00:00","author":{"@id":"https:\/\/www.sillon38.com\/blog\/#\/schema\/person\/72f06b5f0494d1edc8f4e5bf63651ff1"},"breadcrumb":{"@id":"https:\/\/www.sillon38.com\/blog\/2025\/10\/15\/une-delegation-de-proprietaires-de-gites-et-chambres-dhotes-lituaniens-decouvrent-le-vercors\/#breadcrumb"},"inLanguage":"fr-FR","potentialAction":[{"@type":"ReadAction","target":["https:\/\/www.sillon38.com\/blog\/2025\/10\/15\/une-delegation-de-proprietaires-de-gites-et-chambres-dhotes-lituaniens-decouvrent-le-vercors\/"]}]},{"@type":"ImageObject","inLanguage":"fr-FR","@id":"https:\/\/www.sillon38.com\/blog\/2025\/10\/15\/une-delegation-de-proprietaires-de-gites-et-chambres-dhotes-lituaniens-decouvrent-le-vercors\/#primaryimage","url":"https:\/\/www.sillon38.com\/blog\/wp-content\/uploads\/2025\/10\/G1-1.jpg","contentUrl":"https:\/\/www.sillon38.com\/blog\/wp-content\/uploads\/2025\/10\/G1-1.jpg","width":1936,"height":940,"caption":"Screenshot"},{"@type":"BreadcrumbList","@id":"https:\/\/www.sillon38.com\/blog\/2025\/10\/15\/une-delegation-de-proprietaires-de-gites-et-chambres-dhotes-lituaniens-decouvrent-le-vercors\/#breadcrumb","itemListElement":[{"@type":"ListItem","position":1,"name":"Accueil","item":"https:\/\/www.sillon38.com\/blog\/"},{"@type":"ListItem","position":2,"name":"Une d\u00e9l\u00e9gation de propri\u00e9taires de G\u00eetes et chambres d\u2019h\u00f4tes lituaniens d\u00e9couvrent le Vercors."}]},{"@type":"WebSite","@id":"https:\/\/www.sillon38.com\/blog\/#website","url":"https:\/\/www.sillon38.com\/blog\/","name":"","description":"Le journal du monde rural","potentialAction":[{"@type":"SearchAction","target":{"@type":"EntryPoint","urlTemplate":"https:\/\/www.sillon38.com\/blog\/?s={search_term_string}"},"query-input":{"@type":"PropertyValueSpecification","valueRequired":true,"valueName":"search_term_string"}}],"inLanguage":"fr-FR"},{"@type":"Person","@id":"https:\/\/www.sillon38.com\/blog\/#\/schema\/person\/72f06b5f0494d1edc8f4e5bf63651ff1","name":"M Coeur"}]}},"_links":{"self":[{"href":"https:\/\/www.sillon38.com\/blog\/wp-json\/wp\/v2\/posts\/80780","targetHints":{"allow":["GET"]}}],"collection":[{"href":"https:\/\/www.sillon38.com\/blog\/wp-json\/wp\/v2\/posts"}],"about":[{"href":"https:\/\/www.sillon38.com\/blog\/wp-json\/wp\/v2\/types\/post"}],"author":[{"embeddable":true,"href":"https:\/\/www.sillon38.com\/blog\/wp-json\/wp\/v2\/users\/2"}],"replies":[{"embeddable":true,"href":"https:\/\/www.sillon38.com\/blog\/wp-json\/wp\/v2\/comments?post=80780"}],"version-history":[{"count":2,"href":"https:\/\/www.sillon38.com\/blog\/wp-json\/wp\/v2\/posts\/80780\/revisions"}],"predecessor-version":[{"id":80787,"href":"https:\/\/www.sillon38.com\/blog\/wp-json\/wp\/v2\/posts\/80780\/revisions\/80787"}],"wp:attachment":[{"href":"https:\/\/www.sillon38.com\/blog\/wp-json\/wp\/v2\/media?parent=80780"}],"wp:term":[{"taxonomy":"category","embeddable":true,"href":"https:\/\/www.sillon38.com\/blog\/wp-json\/wp\/v2\/categories?post=80780"},{"taxonomy":"post_tag","embeddable":true,"href":"https:\/\/www.sillon38.com\/blog\/wp-json\/wp\/v2\/tags?post=80780"}],"curies":[{"name":"wp","href":"https:\/\/api.w.org\/{rel}","templated":true}]}}