{"id":8191,"date":"2009-09-06T16:25:19","date_gmt":"2009-09-06T14:25:19","guid":{"rendered":"http:\/\/staging.sillon38.com\/?p=8191"},"modified":"2009-09-06T16:25:19","modified_gmt":"2009-09-06T14:25:19","slug":"la-finale-du-concours-de-labour-regional-se-prepare","status":"publish","type":"post","link":"https:\/\/www.sillon38.com\/blog\/2009\/09\/06\/la-finale-du-concours-de-labour-regional-se-prepare\/","title":{"rendered":"La finale du concours de labour Rh\u00f4ne-Alpes se pr\u00e9pare&#8230;"},"content":{"rendered":"<p>Apr\u00e8s le bal de la veille accompagn\u00e9 de l&rsquo;originale nuciflette, il a vite fallu se plonger dans l&rsquo;organisation de la finale r\u00e9gionale. Tr\u00e8s t\u00f4t le matin de ce dimanche, les JA du canton de Rives Voiron accompagn\u00e9s de b\u00e9n\u00e9voles ont mis en place le concours r\u00e9gional. Une journ\u00e9e plac\u00e9e dans la modernit\u00e9 mais \u00e9galement tourn\u00e9e vers le traditionnel. Voici le d\u00e9roulement de cette matin\u00e9e en quelques clich\u00e9s.<\/p>\n<p><img loading=\"lazy\" decoding=\"async\" class=\"alignnone size-full wp-image-8193\" title=\"LRO\" src=\"http:\/\/staging.sillon38.com\/wp-content\/uploads\/2009\/09\/LRO-1.jpg\" alt=\"LRO\" width=\"593\" height=\"362\" srcset=\"https:\/\/www.sillon38.com\/blog\/wp-content\/uploads\/2009\/09\/LRO-1.jpg 593w, https:\/\/www.sillon38.com\/blog\/wp-content\/uploads\/2009\/09\/LRO-1-300x183.jpg 300w\" sizes=\"auto, (max-width: 593px) 100vw, 593px\" \/><\/p>\n<p><em>Nous sommes&#8230; au hall d&rsquo;accueil, sur un terrain de Beaucroissant.<\/em><\/p>\n<p><img loading=\"lazy\" decoding=\"async\" class=\"alignnone size-full wp-image-8195\" title=\"LR4\" src=\"http:\/\/staging.sillon38.com\/wp-content\/uploads\/2009\/09\/LR4-1.jpg\" alt=\"LR4\" width=\"594\" height=\"445\" srcset=\"https:\/\/www.sillon38.com\/blog\/wp-content\/uploads\/2009\/09\/LR4-1.jpg 594w, https:\/\/www.sillon38.com\/blog\/wp-content\/uploads\/2009\/09\/LR4-1-300x225.jpg 300w\" sizes=\"auto, (max-width: 594px) 100vw, 594px\" \/><\/p>\n<p><em>Comment ne pas oublier l&rsquo;anc\u00eatre du tracteur!<\/em><\/p>\n<p><em><img loading=\"lazy\" decoding=\"async\" class=\"alignnone size-full wp-image-8196\" title=\"LR 1\" src=\"http:\/\/staging.sillon38.com\/wp-content\/uploads\/2009\/09\/LR-11-1.jpg\" alt=\"LR 1\" width=\"594\" height=\"445\" srcset=\"https:\/\/www.sillon38.com\/blog\/wp-content\/uploads\/2009\/09\/LR-11-1.jpg 594w, https:\/\/www.sillon38.com\/blog\/wp-content\/uploads\/2009\/09\/LR-11-1-300x225.jpg 300w\" sizes=\"auto, (max-width: 594px) 100vw, 594px\" \/><\/em><\/p>\n<p><em>Tradition tr\u00e8s pr\u00e9sente avec des\u00a0 engins d&rsquo;avant 1900<br \/>\n<\/em><\/p>\n<p><em><img loading=\"lazy\" decoding=\"async\" class=\"alignnone size-full wp-image-8197\" title=\"LR8\" src=\"http:\/\/staging.sillon38.com\/wp-content\/uploads\/2009\/09\/LR8-1.jpg\" alt=\"LR8\" width=\"594\" height=\"445\" srcset=\"https:\/\/www.sillon38.com\/blog\/wp-content\/uploads\/2009\/09\/LR8-1.jpg 594w, https:\/\/www.sillon38.com\/blog\/wp-content\/uploads\/2009\/09\/LR8-1-300x225.jpg 300w\" sizes=\"auto, (max-width: 594px) 100vw, 594px\" \/><\/em><\/p>\n<p><em><img loading=\"lazy\" decoding=\"async\" class=\"alignnone size-full wp-image-8198\" title=\"LR9\" src=\"http:\/\/staging.sillon38.com\/wp-content\/uploads\/2009\/09\/LR9-1.jpg\" alt=\"LR9\" width=\"594\" height=\"361\" srcset=\"https:\/\/www.sillon38.com\/blog\/wp-content\/uploads\/2009\/09\/LR9-1.jpg 594w, https:\/\/www.sillon38.com\/blog\/wp-content\/uploads\/2009\/09\/LR9-1-300x182.jpg 300w\" sizes=\"auto, (max-width: 594px) 100vw, 594px\" \/><\/em><\/p>\n<p><em>Les concurrents vont d\u00e9couvrir les parcelles \u00e0 labourer.<\/em><\/p>\n<p><em><img loading=\"lazy\" decoding=\"async\" class=\"alignnone size-full wp-image-8199\" title=\"LR7\" src=\"http:\/\/staging.sillon38.com\/wp-content\/uploads\/2009\/09\/LR7-1.jpg\" alt=\"LR7\" width=\"594\" height=\"445\" srcset=\"https:\/\/www.sillon38.com\/blog\/wp-content\/uploads\/2009\/09\/LR7-1.jpg 594w, https:\/\/www.sillon38.com\/blog\/wp-content\/uploads\/2009\/09\/LR7-1-300x225.jpg 300w\" sizes=\"auto, (max-width: 594px) 100vw, 594px\" \/><\/em><\/p>\n<p><em>Le groupe de L&rsquo;AFDI a tenu \u00e0 participer \u00e0 cet \u00e9v\u00e8nement<\/em><\/p>\n<p><em><img loading=\"lazy\" decoding=\"async\" class=\"alignnone size-full wp-image-8200\" title=\"LR 3\" src=\"http:\/\/staging.sillon38.com\/wp-content\/uploads\/2009\/09\/LR-3-1.jpg\" alt=\"LR 3\" width=\"593\" height=\"380\" srcset=\"https:\/\/www.sillon38.com\/blog\/wp-content\/uploads\/2009\/09\/LR-3-1.jpg 593w, https:\/\/www.sillon38.com\/blog\/wp-content\/uploads\/2009\/09\/LR-3-1-300x192.jpg 300w\" sizes=\"auto, (max-width: 593px) 100vw, 593px\" \/><\/em><\/p>\n<p><em> 6 cuisses de boeuf charolais ont cuit toute la nuit afin de servir \u00e0 midi 800 repas<\/em><\/p>\n<p><em><img loading=\"lazy\" decoding=\"async\" class=\"alignnone size-full wp-image-8202\" title=\"LR6\" src=\"http:\/\/staging.sillon38.com\/wp-content\/uploads\/2009\/09\/LR61-1.jpg\" alt=\"LR6\" width=\"594\" height=\"445\" srcset=\"https:\/\/www.sillon38.com\/blog\/wp-content\/uploads\/2009\/09\/LR61-1.jpg 594w, https:\/\/www.sillon38.com\/blog\/wp-content\/uploads\/2009\/09\/LR61-1-300x225.jpg 300w\" sizes=\"auto, (max-width: 594px) 100vw, 594px\" \/><\/em><\/p>\n<p><em>La traditionnelle course de moiss&rsquo;batt cross sera l&rsquo;une des animations de la journ\u00e9e.<\/em><\/p>\n<p><em><img loading=\"lazy\" decoding=\"async\" class=\"alignnone size-full wp-image-8205\" title=\"L40\" src=\"http:\/\/staging.sillon38.com\/wp-content\/uploads\/2009\/09\/L401-1.jpg\" alt=\"L40\" width=\"594\" height=\"445\" srcset=\"https:\/\/www.sillon38.com\/blog\/wp-content\/uploads\/2009\/09\/L401-1.jpg 594w, https:\/\/www.sillon38.com\/blog\/wp-content\/uploads\/2009\/09\/L401-1-300x225.jpg 300w\" sizes=\"auto, (max-width: 594px) 100vw, 594px\" \/><\/em><\/p>\n<p><em>On ne pourra quitter le site sans savoir que les jeunes croient en leur m\u00e9tier<br \/>\n<\/em><\/p>\n","protected":false},"excerpt":{"rendered":"<p>Exit le concours d\u00e9partemental du samedi. en ce dimanche matin on assiste aux pr\u00e9paratifs de la finale r\u00e9gionale. Les organisateurs, les m\u00eames que la veille sont fatigu\u00e9s mais pleins d&rsquo;enthousiasme<\/p>\n","protected":false},"author":2,"featured_media":0,"comment_status":"open","ping_status":"open","sticky":false,"template":"","format":"standard","meta":{"footnotes":""},"categories":[3],"tags":[1470,3131],"class_list":["post-8191","post","type-post","status-publish","format-standard","hentry","category-agriculture","tag-concours-de-labour","tag-jeunes-agriculteurs"],"yoast_head":"<!-- This site is optimized with the Yoast SEO plugin v27.5 - https:\/\/yoast.com\/product\/yoast-seo-wordpress\/ -->\n<title>La finale du concours de labour Rh\u00f4ne-Alpes se pr\u00e9pare... -<\/title>\n<meta name=\"robots\" content=\"index, follow, max-snippet:-1, max-image-preview:large, max-video-preview:-1\" \/>\n<link rel=\"canonical\" href=\"https:\/\/www.sillon38.com\/blog\/2009\/09\/06\/la-finale-du-concours-de-labour-regional-se-prepare\/\" \/>\n<meta property=\"og:locale\" content=\"fr_FR\" \/>\n<meta property=\"og:type\" content=\"article\" \/>\n<meta property=\"og:title\" content=\"La finale du concours de labour Rh\u00f4ne-Alpes se pr\u00e9pare... -\" \/>\n<meta property=\"og:description\" content=\"Exit le concours d\u00e9partemental du samedi. en ce dimanche matin on assiste aux pr\u00e9paratifs de la finale r\u00e9gionale. Les organisateurs, les m\u00eames que la veille sont fatigu\u00e9s mais pleins d&#039;enthousiasme\" \/>\n<meta property=\"og:url\" content=\"https:\/\/www.sillon38.com\/blog\/2009\/09\/06\/la-finale-du-concours-de-labour-regional-se-prepare\/\" \/>\n<meta property=\"article:published_time\" content=\"2009-09-06T14:25:19+00:00\" \/>\n<meta property=\"og:image\" content=\"http:\/\/staging.sillon38.com\/wp-content\/uploads\/2009\/09\/LRO-1.jpg\" \/>\n<meta name=\"author\" content=\"M Coeur\" \/>\n<meta name=\"twitter:card\" content=\"summary_large_image\" \/>\n<meta name=\"twitter:label1\" content=\"\u00c9crit par\" \/>\n\t<meta name=\"twitter:data1\" content=\"M Coeur\" \/>\n\t<meta name=\"twitter:label2\" content=\"Dur\u00e9e de lecture estim\u00e9e\" \/>\n\t<meta name=\"twitter:data2\" content=\"1 minute\" \/>\n<script type=\"application\/ld+json\" class=\"yoast-schema-graph\">{\"@context\":\"https:\\\/\\\/schema.org\",\"@graph\":[{\"@type\":\"Article\",\"@id\":\"https:\\\/\\\/www.sillon38.com\\\/blog\\\/2009\\\/09\\\/06\\\/la-finale-du-concours-de-labour-regional-se-prepare\\\/#article\",\"isPartOf\":{\"@id\":\"https:\\\/\\\/www.sillon38.com\\\/blog\\\/2009\\\/09\\\/06\\\/la-finale-du-concours-de-labour-regional-se-prepare\\\/\"},\"author\":{\"name\":\"M Coeur\",\"@id\":\"https:\\\/\\\/www.sillon38.com\\\/blog\\\/#\\\/schema\\\/person\\\/72f06b5f0494d1edc8f4e5bf63651ff1\"},\"headline\":\"La finale du concours de labour Rh\u00f4ne-Alpes se pr\u00e9pare&#8230;\",\"datePublished\":\"2009-09-06T14:25:19+00:00\",\"mainEntityOfPage\":{\"@id\":\"https:\\\/\\\/www.sillon38.com\\\/blog\\\/2009\\\/09\\\/06\\\/la-finale-du-concours-de-labour-regional-se-prepare\\\/\"},\"wordCount\":189,\"commentCount\":0,\"image\":{\"@id\":\"https:\\\/\\\/www.sillon38.com\\\/blog\\\/2009\\\/09\\\/06\\\/la-finale-du-concours-de-labour-regional-se-prepare\\\/#primaryimage\"},\"thumbnailUrl\":\"http:\\\/\\\/staging.sillon38.com\\\/wp-content\\\/uploads\\\/2009\\\/09\\\/LRO-1.jpg\",\"keywords\":[\"concours de labour\",\"jeunes agriculteurs\"],\"articleSection\":[\"agriculture\"],\"inLanguage\":\"fr-FR\",\"potentialAction\":[{\"@type\":\"CommentAction\",\"name\":\"Comment\",\"target\":[\"https:\\\/\\\/www.sillon38.com\\\/blog\\\/2009\\\/09\\\/06\\\/la-finale-du-concours-de-labour-regional-se-prepare\\\/#respond\"]}]},{\"@type\":\"WebPage\",\"@id\":\"https:\\\/\\\/www.sillon38.com\\\/blog\\\/2009\\\/09\\\/06\\\/la-finale-du-concours-de-labour-regional-se-prepare\\\/\",\"url\":\"https:\\\/\\\/www.sillon38.com\\\/blog\\\/2009\\\/09\\\/06\\\/la-finale-du-concours-de-labour-regional-se-prepare\\\/\",\"name\":\"La finale du concours de labour Rh\u00f4ne-Alpes se pr\u00e9pare... -\",\"isPartOf\":{\"@id\":\"https:\\\/\\\/www.sillon38.com\\\/blog\\\/#website\"},\"primaryImageOfPage\":{\"@id\":\"https:\\\/\\\/www.sillon38.com\\\/blog\\\/2009\\\/09\\\/06\\\/la-finale-du-concours-de-labour-regional-se-prepare\\\/#primaryimage\"},\"image\":{\"@id\":\"https:\\\/\\\/www.sillon38.com\\\/blog\\\/2009\\\/09\\\/06\\\/la-finale-du-concours-de-labour-regional-se-prepare\\\/#primaryimage\"},\"thumbnailUrl\":\"http:\\\/\\\/staging.sillon38.com\\\/wp-content\\\/uploads\\\/2009\\\/09\\\/LRO-1.jpg\",\"datePublished\":\"2009-09-06T14:25:19+00:00\",\"author\":{\"@id\":\"https:\\\/\\\/www.sillon38.com\\\/blog\\\/#\\\/schema\\\/person\\\/72f06b5f0494d1edc8f4e5bf63651ff1\"},\"breadcrumb\":{\"@id\":\"https:\\\/\\\/www.sillon38.com\\\/blog\\\/2009\\\/09\\\/06\\\/la-finale-du-concours-de-labour-regional-se-prepare\\\/#breadcrumb\"},\"inLanguage\":\"fr-FR\",\"potentialAction\":[{\"@type\":\"ReadAction\",\"target\":[\"https:\\\/\\\/www.sillon38.com\\\/blog\\\/2009\\\/09\\\/06\\\/la-finale-du-concours-de-labour-regional-se-prepare\\\/\"]}]},{\"@type\":\"ImageObject\",\"inLanguage\":\"fr-FR\",\"@id\":\"https:\\\/\\\/www.sillon38.com\\\/blog\\\/2009\\\/09\\\/06\\\/la-finale-du-concours-de-labour-regional-se-prepare\\\/#primaryimage\",\"url\":\"http:\\\/\\\/staging.sillon38.com\\\/wp-content\\\/uploads\\\/2009\\\/09\\\/LRO-1.jpg\",\"contentUrl\":\"http:\\\/\\\/staging.sillon38.com\\\/wp-content\\\/uploads\\\/2009\\\/09\\\/LRO-1.jpg\"},{\"@type\":\"BreadcrumbList\",\"@id\":\"https:\\\/\\\/www.sillon38.com\\\/blog\\\/2009\\\/09\\\/06\\\/la-finale-du-concours-de-labour-regional-se-prepare\\\/#breadcrumb\",\"itemListElement\":[{\"@type\":\"ListItem\",\"position\":1,\"name\":\"Accueil\",\"item\":\"https:\\\/\\\/www.sillon38.com\\\/blog\\\/\"},{\"@type\":\"ListItem\",\"position\":2,\"name\":\"La finale du concours de labour Rh\u00f4ne-Alpes se pr\u00e9pare&#8230;\"}]},{\"@type\":\"WebSite\",\"@id\":\"https:\\\/\\\/www.sillon38.com\\\/blog\\\/#website\",\"url\":\"https:\\\/\\\/www.sillon38.com\\\/blog\\\/\",\"name\":\"\",\"description\":\"Le journal du monde rural\",\"potentialAction\":[{\"@type\":\"SearchAction\",\"target\":{\"@type\":\"EntryPoint\",\"urlTemplate\":\"https:\\\/\\\/www.sillon38.com\\\/blog\\\/?s={search_term_string}\"},\"query-input\":{\"@type\":\"PropertyValueSpecification\",\"valueRequired\":true,\"valueName\":\"search_term_string\"}}],\"inLanguage\":\"fr-FR\"},{\"@type\":\"Person\",\"@id\":\"https:\\\/\\\/www.sillon38.com\\\/blog\\\/#\\\/schema\\\/person\\\/72f06b5f0494d1edc8f4e5bf63651ff1\",\"name\":\"M Coeur\"}]}<\/script>\n<!-- \/ Yoast SEO plugin. -->","yoast_head_json":{"title":"La finale du concours de labour Rh\u00f4ne-Alpes se pr\u00e9pare... -","robots":{"index":"index","follow":"follow","max-snippet":"max-snippet:-1","max-image-preview":"max-image-preview:large","max-video-preview":"max-video-preview:-1"},"canonical":"https:\/\/www.sillon38.com\/blog\/2009\/09\/06\/la-finale-du-concours-de-labour-regional-se-prepare\/","og_locale":"fr_FR","og_type":"article","og_title":"La finale du concours de labour Rh\u00f4ne-Alpes se pr\u00e9pare... -","og_description":"Exit le concours d\u00e9partemental du samedi. en ce dimanche matin on assiste aux pr\u00e9paratifs de la finale r\u00e9gionale. Les organisateurs, les m\u00eames que la veille sont fatigu\u00e9s mais pleins d'enthousiasme","og_url":"https:\/\/www.sillon38.com\/blog\/2009\/09\/06\/la-finale-du-concours-de-labour-regional-se-prepare\/","article_published_time":"2009-09-06T14:25:19+00:00","og_image":[{"url":"http:\/\/staging.sillon38.com\/wp-content\/uploads\/2009\/09\/LRO-1.jpg","type":"","width":"","height":""}],"author":"M Coeur","twitter_card":"summary_large_image","twitter_misc":{"\u00c9crit par":"M Coeur","Dur\u00e9e de lecture estim\u00e9e":"1 minute"},"schema":{"@context":"https:\/\/schema.org","@graph":[{"@type":"Article","@id":"https:\/\/www.sillon38.com\/blog\/2009\/09\/06\/la-finale-du-concours-de-labour-regional-se-prepare\/#article","isPartOf":{"@id":"https:\/\/www.sillon38.com\/blog\/2009\/09\/06\/la-finale-du-concours-de-labour-regional-se-prepare\/"},"author":{"name":"M Coeur","@id":"https:\/\/www.sillon38.com\/blog\/#\/schema\/person\/72f06b5f0494d1edc8f4e5bf63651ff1"},"headline":"La finale du concours de labour Rh\u00f4ne-Alpes se pr\u00e9pare&#8230;","datePublished":"2009-09-06T14:25:19+00:00","mainEntityOfPage":{"@id":"https:\/\/www.sillon38.com\/blog\/2009\/09\/06\/la-finale-du-concours-de-labour-regional-se-prepare\/"},"wordCount":189,"commentCount":0,"image":{"@id":"https:\/\/www.sillon38.com\/blog\/2009\/09\/06\/la-finale-du-concours-de-labour-regional-se-prepare\/#primaryimage"},"thumbnailUrl":"http:\/\/staging.sillon38.com\/wp-content\/uploads\/2009\/09\/LRO-1.jpg","keywords":["concours de labour","jeunes agriculteurs"],"articleSection":["agriculture"],"inLanguage":"fr-FR","potentialAction":[{"@type":"CommentAction","name":"Comment","target":["https:\/\/www.sillon38.com\/blog\/2009\/09\/06\/la-finale-du-concours-de-labour-regional-se-prepare\/#respond"]}]},{"@type":"WebPage","@id":"https:\/\/www.sillon38.com\/blog\/2009\/09\/06\/la-finale-du-concours-de-labour-regional-se-prepare\/","url":"https:\/\/www.sillon38.com\/blog\/2009\/09\/06\/la-finale-du-concours-de-labour-regional-se-prepare\/","name":"La finale du concours de labour Rh\u00f4ne-Alpes se pr\u00e9pare... -","isPartOf":{"@id":"https:\/\/www.sillon38.com\/blog\/#website"},"primaryImageOfPage":{"@id":"https:\/\/www.sillon38.com\/blog\/2009\/09\/06\/la-finale-du-concours-de-labour-regional-se-prepare\/#primaryimage"},"image":{"@id":"https:\/\/www.sillon38.com\/blog\/2009\/09\/06\/la-finale-du-concours-de-labour-regional-se-prepare\/#primaryimage"},"thumbnailUrl":"http:\/\/staging.sillon38.com\/wp-content\/uploads\/2009\/09\/LRO-1.jpg","datePublished":"2009-09-06T14:25:19+00:00","author":{"@id":"https:\/\/www.sillon38.com\/blog\/#\/schema\/person\/72f06b5f0494d1edc8f4e5bf63651ff1"},"breadcrumb":{"@id":"https:\/\/www.sillon38.com\/blog\/2009\/09\/06\/la-finale-du-concours-de-labour-regional-se-prepare\/#breadcrumb"},"inLanguage":"fr-FR","potentialAction":[{"@type":"ReadAction","target":["https:\/\/www.sillon38.com\/blog\/2009\/09\/06\/la-finale-du-concours-de-labour-regional-se-prepare\/"]}]},{"@type":"ImageObject","inLanguage":"fr-FR","@id":"https:\/\/www.sillon38.com\/blog\/2009\/09\/06\/la-finale-du-concours-de-labour-regional-se-prepare\/#primaryimage","url":"http:\/\/staging.sillon38.com\/wp-content\/uploads\/2009\/09\/LRO-1.jpg","contentUrl":"http:\/\/staging.sillon38.com\/wp-content\/uploads\/2009\/09\/LRO-1.jpg"},{"@type":"BreadcrumbList","@id":"https:\/\/www.sillon38.com\/blog\/2009\/09\/06\/la-finale-du-concours-de-labour-regional-se-prepare\/#breadcrumb","itemListElement":[{"@type":"ListItem","position":1,"name":"Accueil","item":"https:\/\/www.sillon38.com\/blog\/"},{"@type":"ListItem","position":2,"name":"La finale du concours de labour Rh\u00f4ne-Alpes se pr\u00e9pare&#8230;"}]},{"@type":"WebSite","@id":"https:\/\/www.sillon38.com\/blog\/#website","url":"https:\/\/www.sillon38.com\/blog\/","name":"","description":"Le journal du monde rural","potentialAction":[{"@type":"SearchAction","target":{"@type":"EntryPoint","urlTemplate":"https:\/\/www.sillon38.com\/blog\/?s={search_term_string}"},"query-input":{"@type":"PropertyValueSpecification","valueRequired":true,"valueName":"search_term_string"}}],"inLanguage":"fr-FR"},{"@type":"Person","@id":"https:\/\/www.sillon38.com\/blog\/#\/schema\/person\/72f06b5f0494d1edc8f4e5bf63651ff1","name":"M Coeur"}]}},"_links":{"self":[{"href":"https:\/\/www.sillon38.com\/blog\/wp-json\/wp\/v2\/posts\/8191","targetHints":{"allow":["GET"]}}],"collection":[{"href":"https:\/\/www.sillon38.com\/blog\/wp-json\/wp\/v2\/posts"}],"about":[{"href":"https:\/\/www.sillon38.com\/blog\/wp-json\/wp\/v2\/types\/post"}],"author":[{"embeddable":true,"href":"https:\/\/www.sillon38.com\/blog\/wp-json\/wp\/v2\/users\/2"}],"replies":[{"embeddable":true,"href":"https:\/\/www.sillon38.com\/blog\/wp-json\/wp\/v2\/comments?post=8191"}],"version-history":[{"count":0,"href":"https:\/\/www.sillon38.com\/blog\/wp-json\/wp\/v2\/posts\/8191\/revisions"}],"wp:attachment":[{"href":"https:\/\/www.sillon38.com\/blog\/wp-json\/wp\/v2\/media?parent=8191"}],"wp:term":[{"taxonomy":"category","embeddable":true,"href":"https:\/\/www.sillon38.com\/blog\/wp-json\/wp\/v2\/categories?post=8191"},{"taxonomy":"post_tag","embeddable":true,"href":"https:\/\/www.sillon38.com\/blog\/wp-json\/wp\/v2\/tags?post=8191"}],"curies":[{"name":"wp","href":"https:\/\/api.w.org\/{rel}","templated":true}]}}