{"id":8655,"date":"2009-09-18T17:31:43","date_gmt":"2009-09-18T15:31:43","guid":{"rendered":"http:\/\/staging.sillon38.com\/?p=8655"},"modified":"2009-09-18T17:31:43","modified_gmt":"2009-09-18T15:31:43","slug":"avis-de-gros-temps-sur-la-montagne","status":"publish","type":"post","link":"https:\/\/www.sillon38.com\/blog\/2009\/09\/18\/avis-de-gros-temps-sur-la-montagne\/","title":{"rendered":"Avis de gros temps sur la montagne!"},"content":{"rendered":"<p>A un mois de son 25e congr\u00e8s national (22, 23, 24 octobre \u00e0 L\u2019Argenti\u00e8re-La Bess\u00e9e), l\u2019ANEM a r\u00e9uni ce matin \u00e0 Grenoble dans l\u2019h\u00e9micycle Aubert-Dubayet (CG38) les \u00e9lus de montagne is\u00e9rois pour un tour d\u2019horizon des probl\u00e8mes actuels et \u00e0 venir. Au sommaire, la RGPP, le maintien du service public postal, la TNT (t\u00e9l\u00e9vision num\u00e9rique terrestre) et le haut d\u00e9bit internet, la r\u00e9forme de la TP (taxe professionnelle), la crise du lait, la taxe carbone, etc.<\/p>\n<p>Un catalogue assez lourd d&rsquo;inqui\u00e9tudes qui incite le pr\u00e9sident Henri Nayrou \u00e0 diffuser un bulletin m\u00e9t\u00e9o alarmiste: \u00ab\u00a0Avis de gros temps sur la montagne\u00a0\u00bb, a t-il r\u00e9p\u00e9t\u00e9 ce matin comme il l\u2019avait d\u00e9j\u00e0 fait \u00e0 Saint-Flour l\u2019an dernier \u00e0 l&rsquo;occasion du congr\u00e8s de l&rsquo;association. Comme quoi, le temps n&rsquo;est pas \u00e0 l&rsquo;am\u00e9lioration.<\/p>\n<p>En septembre, compte tenu de la situation, l\u2019ANEM demandait la saisine du CNM (Conseil national de la montagne) instance repr\u00e9sentative qui ne s\u2019est pas r\u00e9unie depuis plus de 3 ans. Cet appel a \u00e9t\u00e9 entendu. Henri Nayrou a en effet annonc\u00e9 ce matin que\u00a0 le CNM se r\u00e9unira le 3 novembre prochain \u00e0 Paris sous la pr\u00e9sidence de Fran\u00e7ois Fillon.<\/p>\n<p><img loading=\"lazy\" decoding=\"async\" class=\"alignnone size-full wp-image-8660\" title=\"ANEM\" src=\"http:\/\/staging.sillon38.com\/wp-content\/uploads\/2009\/09\/ANEM-1.jpg\" alt=\"ANEM\" width=\"500\" height=\"234\" srcset=\"https:\/\/www.sillon38.com\/blog\/wp-content\/uploads\/2009\/09\/ANEM-1.jpg 640w, https:\/\/www.sillon38.com\/blog\/wp-content\/uploads\/2009\/09\/ANEM-1-300x141.jpg 300w\" sizes=\"auto, (max-width: 500px) 100vw, 500px\" \/><\/p>\n<p><em>Autour du pr\u00e9sident Henri Nayrou, d\u00e9put\u00e9 de l\u2019Ari\u00e8ge, deux d\u00e9put\u00e9s de l\u2019Is\u00e8re, anciens pr\u00e9sidents de l\u2019ANEM, \u00e0 savoir Didier Migaud et Fran\u00e7ois Brottes, Annie David, s\u00e9natrice de l\u2019Is\u00e8re, Christian Pichoud, conseiller g\u00e9n\u00e9ral de l\u2019Is\u00e8re.<\/em><\/p>\n<p>Au fil des interventions (par chapitre) :<\/p>\n<p><strong>RGPP <\/strong><strong>: tenir compte de la sp\u00e9cificit\u00e9 montagne<\/strong><strong><br \/>\n<\/strong><\/p>\n<p><span style=\"text-decoration: underline;\"> <\/span><\/p>\n<p><em><span style=\"text-decoration: underline;\">Principe <\/span><\/em>: l\u2019ANEM\u00a0soutient que la montagne<strong>, <\/strong>enjeu essentiel d\u2019am\u00e9nagement du territoire, doit \u00eatre lisible dans le futur paysage institutionnel<strong> <\/strong>des collectivit\u00e9s du point de vue de leur organisation, de leurs comp\u00e9tences et de leurs moyens financiers. Elle demande que l&rsquo;article 1 de la loi Montagne soit respect\u00e9 (sp\u00e9cificit\u00e9 montagne).<\/p>\n<p>\u00ab\u00a0Plus on \u00e9loigne les centres de d\u00e9cision des fonds de vall\u00e9e, plus il y aura de probl\u00e8mes pour ces fonds de vall\u00e9e\u00a0\u00bb, dit Henri Nayrou.<\/p>\n<p><strong>TP: on manque de simulations<\/strong><\/p>\n<p><span style=\"text-decoration: underline;\"> <\/span><\/p>\n<p><em><span style=\"text-decoration: underline;\">Principe<\/span><\/em> :<strong> <\/strong>l\u2019ANEM s\u2019inqui\u00e8te des cons\u00e9quences de la baisse de la dotation de compensation de la taxe<strong> <\/strong>professionnelle et de celle de la compensation de l\u2019exon\u00e9ration de la taxe fonci\u00e8re sur les propri\u00e9t\u00e9s non b\u00e2ties agricole, institu\u00e9e depuis 2006 pour les communes. Cette r\u00e9duction risque \u00e0 nouveau de p\u00e9naliser les collectivit\u00e9s rurales et de montagne les plus fragiles : les communes et leurs \u00e9tablissements de coop\u00e9ration, de m\u00eame que les d\u00e9partements et les r\u00e9gions, pour lesquels cette taxe constitue une part significative de leurs recettes.<\/p>\n<p><span style=\"text-decoration: underline;\">Didier Migaud\u00a0:<\/span> \u00ab La r\u00e9forme s\u2019appliquera aux entreprises d\u00e8s 2010 et aux collectivit\u00e9s locales en 2011. Il est vrai que nous manquons de simulations en ce qui concerne les collectivit\u00e9s territoriales, les conseils g\u00e9n\u00e9raux et r\u00e9gionaux\u00a0.\u00bb<\/p>\n<p><strong>TNT: gare aux \u00e9crans noirs!<\/strong><\/p>\n<p><span style=\"text-decoration: underline;\"> <\/span><\/p>\n<p><span style=\"text-decoration: underline;\"><em>Principe<\/em> :<\/span> l\u2019ANEM redoute que l\u2019arriv\u00e9e prochaine de la t\u00e9l\u00e9vision num\u00e9rique n\u2019induise pour les t\u00e9l\u00e9spectateurs une injustice d\u2019ordre technique, g\u00e9ographique ou \u00e9conomique. En septembre, l\u2019association a sign\u00e9 une motion exigeant l\u2019\u00e9galit\u00e9 entre tous les Fran\u00e7ais pour l\u2019acc\u00e8s \u00e0 la TNT, en tout point du territoire.<\/p>\n<p><span style=\"text-decoration: underline;\">Fran\u00e7ois Brottes <\/span>:\u00a0\u00ab\u00a0Je sens le hold-up d\u2019envergure pour ce qui concerne la TNT. Ca va tr\u00e8s mal se passer\u00a0! Nous sommes oblig\u00e9s de passer d\u2019un syst\u00e8me \u00e0 l\u2019autre, sans alternative, et l\u2019on ne pourra \u00e9chapper aux \u00e9crans noirs\u00a0! Les cha\u00eenes de t\u00e9l\u00e9, qui vont faire des \u00e9conomies substantielles ne veulent plus financer l\u2019entretien des \u00e9metteurs dans nos montagnes. Je dis aux \u00e9lus\u00a0: accrochez-vous \u00e0 vos \u00e9metteurs\u00a0hertziens! Et emp\u00eachez leur d\u00e9montage. Avec une parabole, on peut recevoir l\u2019internet\u00a0 haut d\u00e9bit mais pas l\u2019envoyer. Alors que les \u00e9metteurs hertziens le peuvent. On n\u2019a aucun int\u00e9r\u00eat \u00e0 ce qu\u2019ils soient d\u00e9mont\u00e9s. Les montagnes vont payer les pots cass\u00e9s et devront se passer du haut d\u00e9bit. Les \u00e9lus ne doivent rien l\u00e2cher sur ce dossier. Partout o\u00f9 il y a des \u00e9metteurs, il faut les maintenir\u00a0\u00bb.<\/p>\n<p><strong>Service public postal: un lien social \u00e0 pr\u00e9server<\/strong><\/p>\n<p><span style=\"text-decoration: underline;\"> <\/span><\/p>\n<p><em><span style=\"text-decoration: underline;\">Principe<\/span><\/em> : l\u2019ANEM redoute que le changement de statut de l\u2019entreprise publique La Poste ne se fasse au d\u00e9triment des usagers. Les \u00e9lus de\u00a0 montagne r\u00e9clament des garanties sur le maintien du p\u00e9rim\u00e8tre des missions de service public et d\u2019am\u00e9nagement du territoire. La pr\u00e9sence postale constitue en montagne un facteur essentiel d\u2019attractivit\u00e9 et d\u2019ancrage de la population sur le territoire.<\/p>\n<p><span style=\"text-decoration: underline;\">Henri Nayrou <\/span>: \u00ab\u00a0L\u2019avenir de la Poste, c\u2019est la banque postale. qui est per\u00e7ue comme un \u00e9tablissement bancaire refuge pour les personnes isol\u00e9es et d\u00e9favoris\u00e9es. Il faut que ses guichets soient ouverts au plus grand nombre\u00a0\u00bb.<\/p>\n<p><span style=\"text-decoration: underline;\">Pierre Buisson<\/span>, maire de M\u00e9audre et conseiller g\u00e9n\u00e9ral\u00a0: \u00ab\u00a0Je r\u00e9fl\u00e9chis s\u00e9rieusement \u00e0 M\u00e9audre \u00e0 l\u2019\u00e9ventualit\u00e9 de cr\u00e9er une agence postale\u00a0\u00bb.<\/p>\n<p>A propos du r\u00f4le social du facteur\u00a0:<\/p>\n<p><span style=\"text-decoration: underline;\">Henri Nayrou <\/span>:\u00a0\u00ab\u00a0Allez parler \u00e0 des pontes parisiens du lien social que repr\u00e9sente le facteur\u00a0dans nos campagnes et nos montagnes! Vous prenez le risque de vous faire rire au nez\u00a0!\u00a0\u00bb<\/p>\n<p><span style=\"text-decoration: underline;\">Annette Pellegrin<\/span>, maire et conseill\u00e8re g\u00e9n\u00e9rale de Mens\u00a0:\u00a0\u00ab\u00a0La liste des m\u00e9dicaments et des courses que l\u2019on confie au facteur, \u00e7a se pratique depuis longtemps\u00a0! Si vous voulez vous battre l\u00e0-dessus, entourez vous de quelques facteurs ruraux\u00a0\u00bb.<\/p>\n<p><strong>Crise du lait: la montagne tient \u00e0 ses agriculteurs<\/strong><\/p>\n<p><em>Principe<\/em> : Pour l\u2019ANEM, l\u2019\u2019agriculture constitue un secteur d\u2019activit\u00e9 essentiel qui contribue pleinement \u00e0 l\u2019\u00e9conomie de march\u00e9, et reste le pivot central de certaines \u00e9conomies locales, et en tout premier lieu en montagne.<\/p>\n<p><span style=\"text-decoration: underline;\">Henri Nayrou <\/span>: \u00ab\u00a0Lundi, nous avons rencontr\u00e9 le ministre de l\u2019Agriculture et il semble qu\u2019il ait capitul\u00e9 devant la question des quotas. Nous demandons une r\u00e9gulation du march\u00e9, le maintien des quotas\u00a0 et, dans l\u2019imm\u00e9diat, une aide de tr\u00e9sorerie aux \u00e9leveurs\u00a0\u00bb.<\/p>\n<p><span style=\"text-decoration: underline;\">Charles Galvin <\/span>: \u00ab\u00a0On place l\u2019agriculture sur le plan \u00e9conomique, on en parle en termes de productivit\u00e9, de comp\u00e9titivit\u00e9. Tout cela n\u2019a pas de sens dans les territoires de montagne. Chez nous, on risque de fermer des alpages. Alors, on verra des Canadair venir\u00a0 \u00e9teindre les incendies. Car sans b\u00e9tail, plus d\u2019entretien. Ce dont on a besoin, c\u2019est d\u2019une bonne gestion du march\u00e9. Avec Christian Nucci, nous allons demander au pr\u00e9fet une conf\u00e9rence sur l\u2019avenir de l\u2019agriculture en Is\u00e8re\u00bb.<\/p>\n<p><span style=\"text-decoration: underline;\">Fran\u00e7ois Brottes <\/span>: \u00ab\u00a0Les \u00e9lus de la montagne doivent rencontrer les organismes professionnels pour voir s\u2019il y a des possibilit\u00e9s de mutualiser la commercialisation du lait\u00a0\u00bb.<\/p>\n","protected":false},"excerpt":{"rendered":"<p>A un mois de son 25e congr\u00e8s (22,23,24 octobre \u00e0 L\u2019Argenti\u00e8re-La Bess\u00e9e), l\u2019ANEM, association nationale des \u00e9lus de montagne, a r\u00e9uni ce matin \u00e0 Grenoble dans l\u2019h\u00e9micycle Aubert-Dubayet (CG38) les \u00e9lus is\u00e9rois pour un tour d\u2019horizon des probl\u00e8mes, actuels et \u00e0 venir, auxquels sont confront\u00e9es les communes de montagne.<\/p>\n","protected":false},"author":2,"featured_media":0,"comment_status":"open","ping_status":"open","sticky":false,"template":"","format":"standard","meta":{"footnotes":""},"categories":[85,46],"tags":[433,1088],"class_list":["post-8655","post","type-post","status-publish","format-standard","hentry","category-amenagement","category-montagne-environnement","tag-anem","tag-cg38"],"yoast_head":"<!-- This site is optimized with the Yoast SEO plugin v27.5 - https:\/\/yoast.com\/product\/yoast-seo-wordpress\/ -->\n<title>Avis de gros temps sur la montagne! -<\/title>\n<meta name=\"robots\" content=\"index, follow, max-snippet:-1, max-image-preview:large, max-video-preview:-1\" \/>\n<link rel=\"canonical\" href=\"https:\/\/www.sillon38.com\/blog\/2009\/09\/18\/avis-de-gros-temps-sur-la-montagne\/\" \/>\n<meta property=\"og:locale\" content=\"fr_FR\" \/>\n<meta property=\"og:type\" content=\"article\" \/>\n<meta property=\"og:title\" content=\"Avis de gros temps sur la montagne! -\" \/>\n<meta property=\"og:description\" content=\"A un mois de son 25e congr\u00e8s (22,23,24 octobre \u00e0 L\u2019Argenti\u00e8re-La Bess\u00e9e), l\u2019ANEM, association nationale des \u00e9lus de montagne, a r\u00e9uni ce matin \u00e0 Grenoble dans l\u2019h\u00e9micycle Aubert-Dubayet (CG38) les \u00e9lus is\u00e9rois pour un tour d\u2019horizon des probl\u00e8mes, actuels et \u00e0 venir, auxquels sont confront\u00e9es les communes de montagne.\" \/>\n<meta property=\"og:url\" content=\"https:\/\/www.sillon38.com\/blog\/2009\/09\/18\/avis-de-gros-temps-sur-la-montagne\/\" \/>\n<meta property=\"article:published_time\" content=\"2009-09-18T15:31:43+00:00\" \/>\n<meta property=\"og:image\" content=\"http:\/\/staging.sillon38.com\/wp-content\/uploads\/2009\/09\/ANEM-1.jpg\" \/>\n<meta name=\"author\" content=\"M Coeur\" \/>\n<meta name=\"twitter:card\" content=\"summary_large_image\" \/>\n<meta name=\"twitter:label1\" content=\"\u00c9crit par\" \/>\n\t<meta name=\"twitter:data1\" content=\"M Coeur\" \/>\n\t<meta name=\"twitter:label2\" content=\"Dur\u00e9e de lecture estim\u00e9e\" \/>\n\t<meta name=\"twitter:data2\" content=\"6 minutes\" \/>\n<script type=\"application\/ld+json\" class=\"yoast-schema-graph\">{\"@context\":\"https:\\\/\\\/schema.org\",\"@graph\":[{\"@type\":\"Article\",\"@id\":\"https:\\\/\\\/www.sillon38.com\\\/blog\\\/2009\\\/09\\\/18\\\/avis-de-gros-temps-sur-la-montagne\\\/#article\",\"isPartOf\":{\"@id\":\"https:\\\/\\\/www.sillon38.com\\\/blog\\\/2009\\\/09\\\/18\\\/avis-de-gros-temps-sur-la-montagne\\\/\"},\"author\":{\"name\":\"M Coeur\",\"@id\":\"https:\\\/\\\/www.sillon38.com\\\/blog\\\/#\\\/schema\\\/person\\\/72f06b5f0494d1edc8f4e5bf63651ff1\"},\"headline\":\"Avis de gros temps sur la montagne!\",\"datePublished\":\"2009-09-18T15:31:43+00:00\",\"mainEntityOfPage\":{\"@id\":\"https:\\\/\\\/www.sillon38.com\\\/blog\\\/2009\\\/09\\\/18\\\/avis-de-gros-temps-sur-la-montagne\\\/\"},\"wordCount\":1169,\"commentCount\":0,\"image\":{\"@id\":\"https:\\\/\\\/www.sillon38.com\\\/blog\\\/2009\\\/09\\\/18\\\/avis-de-gros-temps-sur-la-montagne\\\/#primaryimage\"},\"thumbnailUrl\":\"http:\\\/\\\/staging.sillon38.com\\\/wp-content\\\/uploads\\\/2009\\\/09\\\/ANEM-1.jpg\",\"keywords\":[\"ANEM\",\"CG38\"],\"articleSection\":[\"am\u00e9nagement\",\"montagne\"],\"inLanguage\":\"fr-FR\",\"potentialAction\":[{\"@type\":\"CommentAction\",\"name\":\"Comment\",\"target\":[\"https:\\\/\\\/www.sillon38.com\\\/blog\\\/2009\\\/09\\\/18\\\/avis-de-gros-temps-sur-la-montagne\\\/#respond\"]}]},{\"@type\":\"WebPage\",\"@id\":\"https:\\\/\\\/www.sillon38.com\\\/blog\\\/2009\\\/09\\\/18\\\/avis-de-gros-temps-sur-la-montagne\\\/\",\"url\":\"https:\\\/\\\/www.sillon38.com\\\/blog\\\/2009\\\/09\\\/18\\\/avis-de-gros-temps-sur-la-montagne\\\/\",\"name\":\"Avis de gros temps sur la montagne! -\",\"isPartOf\":{\"@id\":\"https:\\\/\\\/www.sillon38.com\\\/blog\\\/#website\"},\"primaryImageOfPage\":{\"@id\":\"https:\\\/\\\/www.sillon38.com\\\/blog\\\/2009\\\/09\\\/18\\\/avis-de-gros-temps-sur-la-montagne\\\/#primaryimage\"},\"image\":{\"@id\":\"https:\\\/\\\/www.sillon38.com\\\/blog\\\/2009\\\/09\\\/18\\\/avis-de-gros-temps-sur-la-montagne\\\/#primaryimage\"},\"thumbnailUrl\":\"http:\\\/\\\/staging.sillon38.com\\\/wp-content\\\/uploads\\\/2009\\\/09\\\/ANEM-1.jpg\",\"datePublished\":\"2009-09-18T15:31:43+00:00\",\"author\":{\"@id\":\"https:\\\/\\\/www.sillon38.com\\\/blog\\\/#\\\/schema\\\/person\\\/72f06b5f0494d1edc8f4e5bf63651ff1\"},\"breadcrumb\":{\"@id\":\"https:\\\/\\\/www.sillon38.com\\\/blog\\\/2009\\\/09\\\/18\\\/avis-de-gros-temps-sur-la-montagne\\\/#breadcrumb\"},\"inLanguage\":\"fr-FR\",\"potentialAction\":[{\"@type\":\"ReadAction\",\"target\":[\"https:\\\/\\\/www.sillon38.com\\\/blog\\\/2009\\\/09\\\/18\\\/avis-de-gros-temps-sur-la-montagne\\\/\"]}]},{\"@type\":\"ImageObject\",\"inLanguage\":\"fr-FR\",\"@id\":\"https:\\\/\\\/www.sillon38.com\\\/blog\\\/2009\\\/09\\\/18\\\/avis-de-gros-temps-sur-la-montagne\\\/#primaryimage\",\"url\":\"http:\\\/\\\/staging.sillon38.com\\\/wp-content\\\/uploads\\\/2009\\\/09\\\/ANEM-1.jpg\",\"contentUrl\":\"http:\\\/\\\/staging.sillon38.com\\\/wp-content\\\/uploads\\\/2009\\\/09\\\/ANEM-1.jpg\"},{\"@type\":\"BreadcrumbList\",\"@id\":\"https:\\\/\\\/www.sillon38.com\\\/blog\\\/2009\\\/09\\\/18\\\/avis-de-gros-temps-sur-la-montagne\\\/#breadcrumb\",\"itemListElement\":[{\"@type\":\"ListItem\",\"position\":1,\"name\":\"Accueil\",\"item\":\"https:\\\/\\\/www.sillon38.com\\\/blog\\\/\"},{\"@type\":\"ListItem\",\"position\":2,\"name\":\"Avis de gros temps sur la montagne!\"}]},{\"@type\":\"WebSite\",\"@id\":\"https:\\\/\\\/www.sillon38.com\\\/blog\\\/#website\",\"url\":\"https:\\\/\\\/www.sillon38.com\\\/blog\\\/\",\"name\":\"\",\"description\":\"Le journal du monde rural\",\"potentialAction\":[{\"@type\":\"SearchAction\",\"target\":{\"@type\":\"EntryPoint\",\"urlTemplate\":\"https:\\\/\\\/www.sillon38.com\\\/blog\\\/?s={search_term_string}\"},\"query-input\":{\"@type\":\"PropertyValueSpecification\",\"valueRequired\":true,\"valueName\":\"search_term_string\"}}],\"inLanguage\":\"fr-FR\"},{\"@type\":\"Person\",\"@id\":\"https:\\\/\\\/www.sillon38.com\\\/blog\\\/#\\\/schema\\\/person\\\/72f06b5f0494d1edc8f4e5bf63651ff1\",\"name\":\"M Coeur\"}]}<\/script>\n<!-- \/ Yoast SEO plugin. -->","yoast_head_json":{"title":"Avis de gros temps sur la montagne! -","robots":{"index":"index","follow":"follow","max-snippet":"max-snippet:-1","max-image-preview":"max-image-preview:large","max-video-preview":"max-video-preview:-1"},"canonical":"https:\/\/www.sillon38.com\/blog\/2009\/09\/18\/avis-de-gros-temps-sur-la-montagne\/","og_locale":"fr_FR","og_type":"article","og_title":"Avis de gros temps sur la montagne! -","og_description":"A un mois de son 25e congr\u00e8s (22,23,24 octobre \u00e0 L\u2019Argenti\u00e8re-La Bess\u00e9e), l\u2019ANEM, association nationale des \u00e9lus de montagne, a r\u00e9uni ce matin \u00e0 Grenoble dans l\u2019h\u00e9micycle Aubert-Dubayet (CG38) les \u00e9lus is\u00e9rois pour un tour d\u2019horizon des probl\u00e8mes, actuels et \u00e0 venir, auxquels sont confront\u00e9es les communes de montagne.","og_url":"https:\/\/www.sillon38.com\/blog\/2009\/09\/18\/avis-de-gros-temps-sur-la-montagne\/","article_published_time":"2009-09-18T15:31:43+00:00","og_image":[{"url":"http:\/\/staging.sillon38.com\/wp-content\/uploads\/2009\/09\/ANEM-1.jpg","type":"","width":"","height":""}],"author":"M Coeur","twitter_card":"summary_large_image","twitter_misc":{"\u00c9crit par":"M Coeur","Dur\u00e9e de lecture estim\u00e9e":"6 minutes"},"schema":{"@context":"https:\/\/schema.org","@graph":[{"@type":"Article","@id":"https:\/\/www.sillon38.com\/blog\/2009\/09\/18\/avis-de-gros-temps-sur-la-montagne\/#article","isPartOf":{"@id":"https:\/\/www.sillon38.com\/blog\/2009\/09\/18\/avis-de-gros-temps-sur-la-montagne\/"},"author":{"name":"M Coeur","@id":"https:\/\/www.sillon38.com\/blog\/#\/schema\/person\/72f06b5f0494d1edc8f4e5bf63651ff1"},"headline":"Avis de gros temps sur la montagne!","datePublished":"2009-09-18T15:31:43+00:00","mainEntityOfPage":{"@id":"https:\/\/www.sillon38.com\/blog\/2009\/09\/18\/avis-de-gros-temps-sur-la-montagne\/"},"wordCount":1169,"commentCount":0,"image":{"@id":"https:\/\/www.sillon38.com\/blog\/2009\/09\/18\/avis-de-gros-temps-sur-la-montagne\/#primaryimage"},"thumbnailUrl":"http:\/\/staging.sillon38.com\/wp-content\/uploads\/2009\/09\/ANEM-1.jpg","keywords":["ANEM","CG38"],"articleSection":["am\u00e9nagement","montagne"],"inLanguage":"fr-FR","potentialAction":[{"@type":"CommentAction","name":"Comment","target":["https:\/\/www.sillon38.com\/blog\/2009\/09\/18\/avis-de-gros-temps-sur-la-montagne\/#respond"]}]},{"@type":"WebPage","@id":"https:\/\/www.sillon38.com\/blog\/2009\/09\/18\/avis-de-gros-temps-sur-la-montagne\/","url":"https:\/\/www.sillon38.com\/blog\/2009\/09\/18\/avis-de-gros-temps-sur-la-montagne\/","name":"Avis de gros temps sur la montagne! -","isPartOf":{"@id":"https:\/\/www.sillon38.com\/blog\/#website"},"primaryImageOfPage":{"@id":"https:\/\/www.sillon38.com\/blog\/2009\/09\/18\/avis-de-gros-temps-sur-la-montagne\/#primaryimage"},"image":{"@id":"https:\/\/www.sillon38.com\/blog\/2009\/09\/18\/avis-de-gros-temps-sur-la-montagne\/#primaryimage"},"thumbnailUrl":"http:\/\/staging.sillon38.com\/wp-content\/uploads\/2009\/09\/ANEM-1.jpg","datePublished":"2009-09-18T15:31:43+00:00","author":{"@id":"https:\/\/www.sillon38.com\/blog\/#\/schema\/person\/72f06b5f0494d1edc8f4e5bf63651ff1"},"breadcrumb":{"@id":"https:\/\/www.sillon38.com\/blog\/2009\/09\/18\/avis-de-gros-temps-sur-la-montagne\/#breadcrumb"},"inLanguage":"fr-FR","potentialAction":[{"@type":"ReadAction","target":["https:\/\/www.sillon38.com\/blog\/2009\/09\/18\/avis-de-gros-temps-sur-la-montagne\/"]}]},{"@type":"ImageObject","inLanguage":"fr-FR","@id":"https:\/\/www.sillon38.com\/blog\/2009\/09\/18\/avis-de-gros-temps-sur-la-montagne\/#primaryimage","url":"http:\/\/staging.sillon38.com\/wp-content\/uploads\/2009\/09\/ANEM-1.jpg","contentUrl":"http:\/\/staging.sillon38.com\/wp-content\/uploads\/2009\/09\/ANEM-1.jpg"},{"@type":"BreadcrumbList","@id":"https:\/\/www.sillon38.com\/blog\/2009\/09\/18\/avis-de-gros-temps-sur-la-montagne\/#breadcrumb","itemListElement":[{"@type":"ListItem","position":1,"name":"Accueil","item":"https:\/\/www.sillon38.com\/blog\/"},{"@type":"ListItem","position":2,"name":"Avis de gros temps sur la montagne!"}]},{"@type":"WebSite","@id":"https:\/\/www.sillon38.com\/blog\/#website","url":"https:\/\/www.sillon38.com\/blog\/","name":"","description":"Le journal du monde rural","potentialAction":[{"@type":"SearchAction","target":{"@type":"EntryPoint","urlTemplate":"https:\/\/www.sillon38.com\/blog\/?s={search_term_string}"},"query-input":{"@type":"PropertyValueSpecification","valueRequired":true,"valueName":"search_term_string"}}],"inLanguage":"fr-FR"},{"@type":"Person","@id":"https:\/\/www.sillon38.com\/blog\/#\/schema\/person\/72f06b5f0494d1edc8f4e5bf63651ff1","name":"M Coeur"}]}},"_links":{"self":[{"href":"https:\/\/www.sillon38.com\/blog\/wp-json\/wp\/v2\/posts\/8655","targetHints":{"allow":["GET"]}}],"collection":[{"href":"https:\/\/www.sillon38.com\/blog\/wp-json\/wp\/v2\/posts"}],"about":[{"href":"https:\/\/www.sillon38.com\/blog\/wp-json\/wp\/v2\/types\/post"}],"author":[{"embeddable":true,"href":"https:\/\/www.sillon38.com\/blog\/wp-json\/wp\/v2\/users\/2"}],"replies":[{"embeddable":true,"href":"https:\/\/www.sillon38.com\/blog\/wp-json\/wp\/v2\/comments?post=8655"}],"version-history":[{"count":0,"href":"https:\/\/www.sillon38.com\/blog\/wp-json\/wp\/v2\/posts\/8655\/revisions"}],"wp:attachment":[{"href":"https:\/\/www.sillon38.com\/blog\/wp-json\/wp\/v2\/media?parent=8655"}],"wp:term":[{"taxonomy":"category","embeddable":true,"href":"https:\/\/www.sillon38.com\/blog\/wp-json\/wp\/v2\/categories?post=8655"},{"taxonomy":"post_tag","embeddable":true,"href":"https:\/\/www.sillon38.com\/blog\/wp-json\/wp\/v2\/tags?post=8655"}],"curies":[{"name":"wp","href":"https:\/\/api.w.org\/{rel}","templated":true}]}}