{"id":8791,"date":"2009-09-23T16:28:46","date_gmt":"2009-09-23T14:28:46","guid":{"rendered":"http:\/\/staging.sillon38.com\/?p=8791"},"modified":"2009-09-23T16:28:46","modified_gmt":"2009-09-23T14:28:46","slug":"les-jeunes-agriculteurs-au-marche-de-voiron","status":"publish","type":"post","link":"https:\/\/www.sillon38.com\/blog\/2009\/09\/23\/les-jeunes-agriculteurs-au-marche-de-voiron\/","title":{"rendered":"Les jeunes agriculteurs au march\u00e9 de Voiron"},"content":{"rendered":"<p>On connait tous le dynamisme et l&rsquo;esprit d&rsquo;initiative\u00a0 des jeunes agriculteurs du canton de Rives Voiron. L&rsquo;organisation des finales de labour, d\u00e9partementale et r\u00e9gionale, le premier week-end de septembre en est la preuve vivante.<\/p>\n<p>Un dynamisme qui a encore \u00e9t\u00e9 remarqu\u00e9 ce matin au march\u00e9 de Voiron. Ils ont offert du lait aux visiteurs mais surtout ont expliqu\u00e9 le pourquoi de la crise et la panade dans laquelle l&rsquo;agriculture dans son ensemble se trouve. Une action p\u00e9dagogique bien appr\u00e9ci\u00e9e. Bon nombre de clients ne connaissant pas les tenants et aboutissements de cette crise.<\/p>\n<p>Ils ont \u00e9galement rencontr\u00e9 le maire de Voiron, Roland Revil. Un dialogue instructif s&rsquo;est instaur\u00e9 avec ce dernier. Il a longuement \u00e9t\u00e9 question de l&rsquo;avenir de la fili\u00e8re lait. Il faut dire qu&rsquo;il conna\u00eet bien le monde agricole, ne serait- ce\u00a0 qu&rsquo;\u00e0 travers l&rsquo;ADAYG dont il en est le vice pr\u00e9sident. Il d\u00e9fend aussi l&rsquo;\u00e9conomie agricole dans\u00a0 le pays voironnais, contre la pression fonci\u00e8re en particulier. Ca n&rsquo;a donc pas \u00e9t\u00e9 un dialogue de sourds, loin de l\u00e0.<\/p>\n<p>Des pistes ont \u00e9t\u00e9 propos\u00e9es pour soutenir la production laiti\u00e8re dans le pays voironnais. Parmi celles-ci, on retiendra la volont\u00e9 de faire aboutir le dossier du St Marcellin dans sa demande d&rsquo;IGP. \u00ab\u00a0Cela nous donnerait un petit coup de pouce\u00a0\u00bb, reconna\u00eet Thierry Blanchet. Autre proposition: la mise en place d&rsquo;une marque \u00ab\u00a0lait du pays voironnais\u00a0\u00bb. Cela permettrait aux consommateurs, nombreux dans ce bassin, de pouvoir acheter du lait local, de qualit\u00e9 et aux producteurs de valoriser leur lait.<\/p>\n<p>Des id\u00e9es \u00e0 creuser et \u00e0 mettre en place&#8230;.<\/p>\n","protected":false},"excerpt":{"rendered":"<p>Les jeunes agriculteurs du canton de rives Voiron se sont rendus ce mercredi matin sur le march\u00e9 de Voiron. ils ont distribu\u00e9 du lait, discut\u00e9 avec les clients et rencontr\u00e9 le maire de la ville. Il en est sorti des propositions tout \u00e0 fait int\u00e9ressantes&#8230;<\/p>\n","protected":false},"author":2,"featured_media":0,"comment_status":"open","ping_status":"open","sticky":false,"template":"","format":"standard","meta":{"footnotes":""},"categories":[40],"tags":[3299,4210,4794,5364],"class_list":["post-8791","post","type-post","status-publish","format-standard","hentry","category-laitproduits-laitiers","tag-lait","tag-pays-voironnais","tag-roland-revil","tag-thierry-blanchet"],"yoast_head":"<!-- This site is optimized with the Yoast SEO plugin v27.5 - https:\/\/yoast.com\/product\/yoast-seo-wordpress\/ -->\n<title>Les jeunes agriculteurs au march\u00e9 de Voiron -<\/title>\n<meta name=\"robots\" content=\"index, follow, max-snippet:-1, max-image-preview:large, max-video-preview:-1\" \/>\n<link rel=\"canonical\" href=\"https:\/\/www.sillon38.com\/blog\/2009\/09\/23\/les-jeunes-agriculteurs-au-marche-de-voiron\/\" \/>\n<meta property=\"og:locale\" content=\"fr_FR\" \/>\n<meta property=\"og:type\" content=\"article\" \/>\n<meta property=\"og:title\" content=\"Les jeunes agriculteurs au march\u00e9 de Voiron -\" \/>\n<meta property=\"og:description\" content=\"Les jeunes agriculteurs du canton de rives Voiron se sont rendus ce mercredi matin sur le march\u00e9 de Voiron. ils ont distribu\u00e9 du lait, discut\u00e9 avec les clients et rencontr\u00e9 le maire de la ville. Il en est sorti des propositions tout \u00e0 fait int\u00e9ressantes...\" \/>\n<meta property=\"og:url\" content=\"https:\/\/www.sillon38.com\/blog\/2009\/09\/23\/les-jeunes-agriculteurs-au-marche-de-voiron\/\" \/>\n<meta property=\"article:published_time\" content=\"2009-09-23T14:28:46+00:00\" \/>\n<meta name=\"author\" content=\"M Coeur\" \/>\n<meta name=\"twitter:card\" content=\"summary_large_image\" \/>\n<meta name=\"twitter:label1\" content=\"\u00c9crit par\" \/>\n\t<meta name=\"twitter:data1\" content=\"M Coeur\" \/>\n\t<meta name=\"twitter:label2\" content=\"Dur\u00e9e de lecture estim\u00e9e\" \/>\n\t<meta name=\"twitter:data2\" content=\"1 minute\" \/>\n<script type=\"application\/ld+json\" class=\"yoast-schema-graph\">{\"@context\":\"https:\\\/\\\/schema.org\",\"@graph\":[{\"@type\":\"Article\",\"@id\":\"https:\\\/\\\/www.sillon38.com\\\/blog\\\/2009\\\/09\\\/23\\\/les-jeunes-agriculteurs-au-marche-de-voiron\\\/#article\",\"isPartOf\":{\"@id\":\"https:\\\/\\\/www.sillon38.com\\\/blog\\\/2009\\\/09\\\/23\\\/les-jeunes-agriculteurs-au-marche-de-voiron\\\/\"},\"author\":{\"name\":\"M Coeur\",\"@id\":\"https:\\\/\\\/www.sillon38.com\\\/blog\\\/#\\\/schema\\\/person\\\/72f06b5f0494d1edc8f4e5bf63651ff1\"},\"headline\":\"Les jeunes agriculteurs au march\u00e9 de Voiron\",\"datePublished\":\"2009-09-23T14:28:46+00:00\",\"mainEntityOfPage\":{\"@id\":\"https:\\\/\\\/www.sillon38.com\\\/blog\\\/2009\\\/09\\\/23\\\/les-jeunes-agriculteurs-au-marche-de-voiron\\\/\"},\"wordCount\":289,\"commentCount\":0,\"keywords\":[\"lait\",\"pays voironnais\",\"Roland Revil\",\"Thierry Blanchet\"],\"articleSection\":[\"lait\\\/produits laitiers\"],\"inLanguage\":\"fr-FR\",\"potentialAction\":[{\"@type\":\"CommentAction\",\"name\":\"Comment\",\"target\":[\"https:\\\/\\\/www.sillon38.com\\\/blog\\\/2009\\\/09\\\/23\\\/les-jeunes-agriculteurs-au-marche-de-voiron\\\/#respond\"]}]},{\"@type\":\"WebPage\",\"@id\":\"https:\\\/\\\/www.sillon38.com\\\/blog\\\/2009\\\/09\\\/23\\\/les-jeunes-agriculteurs-au-marche-de-voiron\\\/\",\"url\":\"https:\\\/\\\/www.sillon38.com\\\/blog\\\/2009\\\/09\\\/23\\\/les-jeunes-agriculteurs-au-marche-de-voiron\\\/\",\"name\":\"Les jeunes agriculteurs au march\u00e9 de Voiron -\",\"isPartOf\":{\"@id\":\"https:\\\/\\\/www.sillon38.com\\\/blog\\\/#website\"},\"datePublished\":\"2009-09-23T14:28:46+00:00\",\"author\":{\"@id\":\"https:\\\/\\\/www.sillon38.com\\\/blog\\\/#\\\/schema\\\/person\\\/72f06b5f0494d1edc8f4e5bf63651ff1\"},\"breadcrumb\":{\"@id\":\"https:\\\/\\\/www.sillon38.com\\\/blog\\\/2009\\\/09\\\/23\\\/les-jeunes-agriculteurs-au-marche-de-voiron\\\/#breadcrumb\"},\"inLanguage\":\"fr-FR\",\"potentialAction\":[{\"@type\":\"ReadAction\",\"target\":[\"https:\\\/\\\/www.sillon38.com\\\/blog\\\/2009\\\/09\\\/23\\\/les-jeunes-agriculteurs-au-marche-de-voiron\\\/\"]}]},{\"@type\":\"BreadcrumbList\",\"@id\":\"https:\\\/\\\/www.sillon38.com\\\/blog\\\/2009\\\/09\\\/23\\\/les-jeunes-agriculteurs-au-marche-de-voiron\\\/#breadcrumb\",\"itemListElement\":[{\"@type\":\"ListItem\",\"position\":1,\"name\":\"Accueil\",\"item\":\"https:\\\/\\\/www.sillon38.com\\\/blog\\\/\"},{\"@type\":\"ListItem\",\"position\":2,\"name\":\"Les jeunes agriculteurs au march\u00e9 de Voiron\"}]},{\"@type\":\"WebSite\",\"@id\":\"https:\\\/\\\/www.sillon38.com\\\/blog\\\/#website\",\"url\":\"https:\\\/\\\/www.sillon38.com\\\/blog\\\/\",\"name\":\"\",\"description\":\"Le journal du monde rural\",\"potentialAction\":[{\"@type\":\"SearchAction\",\"target\":{\"@type\":\"EntryPoint\",\"urlTemplate\":\"https:\\\/\\\/www.sillon38.com\\\/blog\\\/?s={search_term_string}\"},\"query-input\":{\"@type\":\"PropertyValueSpecification\",\"valueRequired\":true,\"valueName\":\"search_term_string\"}}],\"inLanguage\":\"fr-FR\"},{\"@type\":\"Person\",\"@id\":\"https:\\\/\\\/www.sillon38.com\\\/blog\\\/#\\\/schema\\\/person\\\/72f06b5f0494d1edc8f4e5bf63651ff1\",\"name\":\"M Coeur\"}]}<\/script>\n<!-- \/ Yoast SEO plugin. -->","yoast_head_json":{"title":"Les jeunes agriculteurs au march\u00e9 de Voiron -","robots":{"index":"index","follow":"follow","max-snippet":"max-snippet:-1","max-image-preview":"max-image-preview:large","max-video-preview":"max-video-preview:-1"},"canonical":"https:\/\/www.sillon38.com\/blog\/2009\/09\/23\/les-jeunes-agriculteurs-au-marche-de-voiron\/","og_locale":"fr_FR","og_type":"article","og_title":"Les jeunes agriculteurs au march\u00e9 de Voiron -","og_description":"Les jeunes agriculteurs du canton de rives Voiron se sont rendus ce mercredi matin sur le march\u00e9 de Voiron. ils ont distribu\u00e9 du lait, discut\u00e9 avec les clients et rencontr\u00e9 le maire de la ville. Il en est sorti des propositions tout \u00e0 fait int\u00e9ressantes...","og_url":"https:\/\/www.sillon38.com\/blog\/2009\/09\/23\/les-jeunes-agriculteurs-au-marche-de-voiron\/","article_published_time":"2009-09-23T14:28:46+00:00","author":"M Coeur","twitter_card":"summary_large_image","twitter_misc":{"\u00c9crit par":"M Coeur","Dur\u00e9e de lecture estim\u00e9e":"1 minute"},"schema":{"@context":"https:\/\/schema.org","@graph":[{"@type":"Article","@id":"https:\/\/www.sillon38.com\/blog\/2009\/09\/23\/les-jeunes-agriculteurs-au-marche-de-voiron\/#article","isPartOf":{"@id":"https:\/\/www.sillon38.com\/blog\/2009\/09\/23\/les-jeunes-agriculteurs-au-marche-de-voiron\/"},"author":{"name":"M Coeur","@id":"https:\/\/www.sillon38.com\/blog\/#\/schema\/person\/72f06b5f0494d1edc8f4e5bf63651ff1"},"headline":"Les jeunes agriculteurs au march\u00e9 de Voiron","datePublished":"2009-09-23T14:28:46+00:00","mainEntityOfPage":{"@id":"https:\/\/www.sillon38.com\/blog\/2009\/09\/23\/les-jeunes-agriculteurs-au-marche-de-voiron\/"},"wordCount":289,"commentCount":0,"keywords":["lait","pays voironnais","Roland Revil","Thierry Blanchet"],"articleSection":["lait\/produits laitiers"],"inLanguage":"fr-FR","potentialAction":[{"@type":"CommentAction","name":"Comment","target":["https:\/\/www.sillon38.com\/blog\/2009\/09\/23\/les-jeunes-agriculteurs-au-marche-de-voiron\/#respond"]}]},{"@type":"WebPage","@id":"https:\/\/www.sillon38.com\/blog\/2009\/09\/23\/les-jeunes-agriculteurs-au-marche-de-voiron\/","url":"https:\/\/www.sillon38.com\/blog\/2009\/09\/23\/les-jeunes-agriculteurs-au-marche-de-voiron\/","name":"Les jeunes agriculteurs au march\u00e9 de Voiron -","isPartOf":{"@id":"https:\/\/www.sillon38.com\/blog\/#website"},"datePublished":"2009-09-23T14:28:46+00:00","author":{"@id":"https:\/\/www.sillon38.com\/blog\/#\/schema\/person\/72f06b5f0494d1edc8f4e5bf63651ff1"},"breadcrumb":{"@id":"https:\/\/www.sillon38.com\/blog\/2009\/09\/23\/les-jeunes-agriculteurs-au-marche-de-voiron\/#breadcrumb"},"inLanguage":"fr-FR","potentialAction":[{"@type":"ReadAction","target":["https:\/\/www.sillon38.com\/blog\/2009\/09\/23\/les-jeunes-agriculteurs-au-marche-de-voiron\/"]}]},{"@type":"BreadcrumbList","@id":"https:\/\/www.sillon38.com\/blog\/2009\/09\/23\/les-jeunes-agriculteurs-au-marche-de-voiron\/#breadcrumb","itemListElement":[{"@type":"ListItem","position":1,"name":"Accueil","item":"https:\/\/www.sillon38.com\/blog\/"},{"@type":"ListItem","position":2,"name":"Les jeunes agriculteurs au march\u00e9 de Voiron"}]},{"@type":"WebSite","@id":"https:\/\/www.sillon38.com\/blog\/#website","url":"https:\/\/www.sillon38.com\/blog\/","name":"","description":"Le journal du monde rural","potentialAction":[{"@type":"SearchAction","target":{"@type":"EntryPoint","urlTemplate":"https:\/\/www.sillon38.com\/blog\/?s={search_term_string}"},"query-input":{"@type":"PropertyValueSpecification","valueRequired":true,"valueName":"search_term_string"}}],"inLanguage":"fr-FR"},{"@type":"Person","@id":"https:\/\/www.sillon38.com\/blog\/#\/schema\/person\/72f06b5f0494d1edc8f4e5bf63651ff1","name":"M Coeur"}]}},"_links":{"self":[{"href":"https:\/\/www.sillon38.com\/blog\/wp-json\/wp\/v2\/posts\/8791","targetHints":{"allow":["GET"]}}],"collection":[{"href":"https:\/\/www.sillon38.com\/blog\/wp-json\/wp\/v2\/posts"}],"about":[{"href":"https:\/\/www.sillon38.com\/blog\/wp-json\/wp\/v2\/types\/post"}],"author":[{"embeddable":true,"href":"https:\/\/www.sillon38.com\/blog\/wp-json\/wp\/v2\/users\/2"}],"replies":[{"embeddable":true,"href":"https:\/\/www.sillon38.com\/blog\/wp-json\/wp\/v2\/comments?post=8791"}],"version-history":[{"count":0,"href":"https:\/\/www.sillon38.com\/blog\/wp-json\/wp\/v2\/posts\/8791\/revisions"}],"wp:attachment":[{"href":"https:\/\/www.sillon38.com\/blog\/wp-json\/wp\/v2\/media?parent=8791"}],"wp:term":[{"taxonomy":"category","embeddable":true,"href":"https:\/\/www.sillon38.com\/blog\/wp-json\/wp\/v2\/categories?post=8791"},{"taxonomy":"post_tag","embeddable":true,"href":"https:\/\/www.sillon38.com\/blog\/wp-json\/wp\/v2\/tags?post=8791"}],"curies":[{"name":"wp","href":"https:\/\/api.w.org\/{rel}","templated":true}]}}