{"id":8967,"date":"2009-09-29T22:23:41","date_gmt":"2009-09-29T20:23:41","guid":{"rendered":"http:\/\/staging.sillon38.com\/?p=8967"},"modified":"2009-09-29T22:23:41","modified_gmt":"2009-09-29T20:23:41","slug":"indice-departemental-des-fermages-20091147","status":"publish","type":"post","link":"https:\/\/www.sillon38.com\/blog\/2009\/09\/29\/indice-departemental-des-fermages-20091147\/","title":{"rendered":"Indice d\u00e9partemental des fermages 2009-2010: 114,7"},"content":{"rendered":"<div>\n<p>Suite \u00e0 la r\u00e9union de la commission consultative paritaire d\u00e9partementale des baux ruraux qui a eu lieu le 9 septembre dernier, vous trouverez ici les arr\u00eat\u00e9s pr\u00e9fectoraux fixant les prix \u00e0 appliquer du 1er octobre 2009 au 30 septembre 2010 entre les bailleurs et les preneurs de terres agricoles dans le d\u00e9partement de l\u2019Is\u00e8re.<\/p>\n<p>Cliquer sur:<\/p>\n<ul>\n<li><a title=\"Ouvrir le document arr\u00eat\u00e9 n\u00b0\u00a02009-07402 dans une nouvelle fen\u00eatre\" onclick=\"xt_clic('T','pj277-arrete_n__176__nbsp_2009_07402')\" href=\"http:\/\/ddaf.isere.agriculture.gouv.fr\/IMG\/pdf\/AP_No2009-07402IndiceFermages_2009_cle86baa1.pdf\" target=\"_blank\" rel=\"noopener\">arr\u00eat\u00e9 n\u00b0\u00a02009-07402<\/a> indice des fermages de l\u2019ann\u00e9e en cours<\/li>\n<li><a title=\"Ouvrir le document arr\u00eat\u00e9 n\u00b0\u00a02009-07403 dans une nouvelle fen\u00eatre\" onclick=\"xt_clic('T','pj277-arrete_n__176__nbsp_2009_07403')\" href=\"http:\/\/ddaf.isere.agriculture.gouv.fr\/IMG\/pdf\/AP_No2009-07403PrixNoixVin_2009_cle4dc71c.pdf\" target=\"_blank\" rel=\"noopener\">arr\u00eat\u00e9 n\u00b0\u00a02009-07403<\/a> prix des noix et du vin de l\u2019ann\u00e9e en cours<\/li>\n<\/ul>\n<p>A titre d\u2019information compl\u00e9mentaire, vous trouverez \u00e9galement les arr\u00eat\u00e9s pr\u00e9fectoraux fixant les prix des deux ann\u00e9es pr\u00e9c\u00e9dentes, qui \u00e9taient applicables pour ceux de 2008 du 1er octobre 2008 au 30 septembre 2009, et pour ceux de 2007 du 1er octobre 2007 au 30 septembre 2008.<\/p>\n<ul>\n<li> <a title=\"Ouvrir le document arr\u00eat\u00e9 n\u00b0\u00a02008-08188 dans une nouvelle fen\u00eatre\" onclick=\"xt_clic('T','pj277-arrete_n__176__nbsp_2008_08188')\" href=\"http:\/\/ddaf.isere.agriculture.gouv.fr\/IMG\/pdf\/AP_No2008-08188IndiceFermages_2008_cle87c9ad.pdf\" target=\"_blank\" rel=\"noopener\">arr\u00eat\u00e9 n\u00b0\u00a02008-08188<\/a> indice des fermages de l\u2019ann\u00e9e pr\u00e9c\u00e9dente<\/li>\n<li> <a title=\"Ouvrir le document arr\u00eat\u00e9 n\u00b0\u00a02008-08189 dans une nouvelle fen\u00eatre\" onclick=\"xt_clic('T','pj277-arrete_n__176__nbsp_2008_08189')\" href=\"http:\/\/ddaf.isere.agriculture.gouv.fr\/IMG\/pdf\/AP_No2008-08189PrixNoixVin_2008_cle4f9823.pdf\" target=\"_blank\" rel=\"noopener\">arr\u00eat\u00e9 n\u00b0\u00a02008-08189<\/a> prix des noix et du vin de l\u2019ann\u00e9e  pr\u00e9c\u00e9dente<\/li>\n<\/ul>\n<ul>\n<li> <a title=\"Ouvrir le document arr\u00eat\u00e9 n\u00b0\u00a02007-07804 dans une nouvelle fen\u00eatre\" onclick=\"xt_clic('T','pj277-arrete_n__176__nbsp_2007_07804')\" href=\"http:\/\/ddaf.isere.agriculture.gouv.fr\/IMG\/pdf\/2007_07804_Indice_des_fermages.pdf\" target=\"_blank\" rel=\"noopener\">arr\u00eat\u00e9 n\u00b0\u00a02007-07804<\/a> indice des fermages de l\u2019ann\u00e9e 2007<\/li>\n<li> <a title=\"Ouvrir le document arr\u00eat\u00e9 n\u00b0\u00a02007-07805 dans une nouvelle fen\u00eatre\" onclick=\"xt_clic('T','pj277-arrete_n__176__nbsp_2007_07805')\" href=\"http:\/\/ddaf.isere.agriculture.gouv.fr\/IMG\/pdf\/2007_07805_Prix_noix_et_vin.pdf\" target=\"_blank\" rel=\"noopener\">arr\u00eat\u00e9 n\u00b0\u00a02007-07805<\/a> prix des noix et du vin de l\u2019ann\u00e9e 2007<\/li>\n<\/ul>\n<\/div>\n","protected":false},"excerpt":{"rendered":"<p>L&rsquo;indice des fermages est constat\u00e9 pour l&rsquo;ann\u00e9e 2009 \u00e0 la valeur de 114,7. Cet indice s&rsquo;applique \u00e0 tout le d\u00e9partement de l&rsquo;Is\u00e8re \u00e0 compter du 1er octobre 2009<\/p>\n","protected":false},"author":2,"featured_media":0,"comment_status":"open","ping_status":"open","sticky":false,"template":"","format":"standard","meta":{"footnotes":""},"categories":[3],"tags":[1741,2281,2994],"class_list":["post-8967","post","type-post","status-publish","format-standard","hentry","category-agriculture","tag-ddaf","tag-fermages","tag-isere"],"yoast_head":"<!-- This site is optimized with the Yoast SEO plugin v27.5 - https:\/\/yoast.com\/product\/yoast-seo-wordpress\/ -->\n<title>Indice d\u00e9partemental des fermages 2009-2010: 114,7 -<\/title>\n<meta name=\"robots\" content=\"index, follow, max-snippet:-1, max-image-preview:large, max-video-preview:-1\" \/>\n<link rel=\"canonical\" href=\"https:\/\/www.sillon38.com\/blog\/2009\/09\/29\/indice-departemental-des-fermages-20091147\/\" \/>\n<meta property=\"og:locale\" content=\"fr_FR\" \/>\n<meta property=\"og:type\" content=\"article\" \/>\n<meta property=\"og:title\" content=\"Indice d\u00e9partemental des fermages 2009-2010: 114,7 -\" \/>\n<meta property=\"og:description\" content=\"L&#039;indice des fermages est constat\u00e9 pour l&#039;ann\u00e9e 2009 \u00e0 la valeur de 114,7. Cet indice s&#039;applique \u00e0 tout le d\u00e9partement de l&#039;Is\u00e8re \u00e0 compter du 1er octobre 2009\" \/>\n<meta property=\"og:url\" content=\"https:\/\/www.sillon38.com\/blog\/2009\/09\/29\/indice-departemental-des-fermages-20091147\/\" \/>\n<meta property=\"article:published_time\" content=\"2009-09-29T20:23:41+00:00\" \/>\n<meta name=\"author\" content=\"M Coeur\" \/>\n<meta name=\"twitter:card\" content=\"summary_large_image\" \/>\n<meta name=\"twitter:label1\" content=\"\u00c9crit par\" \/>\n\t<meta name=\"twitter:data1\" content=\"M Coeur\" \/>\n\t<meta name=\"twitter:label2\" content=\"Dur\u00e9e de lecture estim\u00e9e\" \/>\n\t<meta name=\"twitter:data2\" content=\"1 minute\" \/>\n<script type=\"application\/ld+json\" class=\"yoast-schema-graph\">{\"@context\":\"https:\\\/\\\/schema.org\",\"@graph\":[{\"@type\":\"Article\",\"@id\":\"https:\\\/\\\/www.sillon38.com\\\/blog\\\/2009\\\/09\\\/29\\\/indice-departemental-des-fermages-20091147\\\/#article\",\"isPartOf\":{\"@id\":\"https:\\\/\\\/www.sillon38.com\\\/blog\\\/2009\\\/09\\\/29\\\/indice-departemental-des-fermages-20091147\\\/\"},\"author\":{\"name\":\"M Coeur\",\"@id\":\"https:\\\/\\\/www.sillon38.com\\\/blog\\\/#\\\/schema\\\/person\\\/72f06b5f0494d1edc8f4e5bf63651ff1\"},\"headline\":\"Indice d\u00e9partemental des fermages 2009-2010: 114,7\",\"datePublished\":\"2009-09-29T20:23:41+00:00\",\"mainEntityOfPage\":{\"@id\":\"https:\\\/\\\/www.sillon38.com\\\/blog\\\/2009\\\/09\\\/29\\\/indice-departemental-des-fermages-20091147\\\/\"},\"wordCount\":194,\"commentCount\":0,\"keywords\":[\"DDAF\",\"fermages\",\"Is\u00e8re\"],\"articleSection\":[\"agriculture\"],\"inLanguage\":\"fr-FR\",\"potentialAction\":[{\"@type\":\"CommentAction\",\"name\":\"Comment\",\"target\":[\"https:\\\/\\\/www.sillon38.com\\\/blog\\\/2009\\\/09\\\/29\\\/indice-departemental-des-fermages-20091147\\\/#respond\"]}]},{\"@type\":\"WebPage\",\"@id\":\"https:\\\/\\\/www.sillon38.com\\\/blog\\\/2009\\\/09\\\/29\\\/indice-departemental-des-fermages-20091147\\\/\",\"url\":\"https:\\\/\\\/www.sillon38.com\\\/blog\\\/2009\\\/09\\\/29\\\/indice-departemental-des-fermages-20091147\\\/\",\"name\":\"Indice d\u00e9partemental des fermages 2009-2010: 114,7 -\",\"isPartOf\":{\"@id\":\"https:\\\/\\\/www.sillon38.com\\\/blog\\\/#website\"},\"datePublished\":\"2009-09-29T20:23:41+00:00\",\"author\":{\"@id\":\"https:\\\/\\\/www.sillon38.com\\\/blog\\\/#\\\/schema\\\/person\\\/72f06b5f0494d1edc8f4e5bf63651ff1\"},\"breadcrumb\":{\"@id\":\"https:\\\/\\\/www.sillon38.com\\\/blog\\\/2009\\\/09\\\/29\\\/indice-departemental-des-fermages-20091147\\\/#breadcrumb\"},\"inLanguage\":\"fr-FR\",\"potentialAction\":[{\"@type\":\"ReadAction\",\"target\":[\"https:\\\/\\\/www.sillon38.com\\\/blog\\\/2009\\\/09\\\/29\\\/indice-departemental-des-fermages-20091147\\\/\"]}]},{\"@type\":\"BreadcrumbList\",\"@id\":\"https:\\\/\\\/www.sillon38.com\\\/blog\\\/2009\\\/09\\\/29\\\/indice-departemental-des-fermages-20091147\\\/#breadcrumb\",\"itemListElement\":[{\"@type\":\"ListItem\",\"position\":1,\"name\":\"Accueil\",\"item\":\"https:\\\/\\\/www.sillon38.com\\\/blog\\\/\"},{\"@type\":\"ListItem\",\"position\":2,\"name\":\"Indice d\u00e9partemental des fermages 2009-2010: 114,7\"}]},{\"@type\":\"WebSite\",\"@id\":\"https:\\\/\\\/www.sillon38.com\\\/blog\\\/#website\",\"url\":\"https:\\\/\\\/www.sillon38.com\\\/blog\\\/\",\"name\":\"\",\"description\":\"Le journal du monde rural\",\"potentialAction\":[{\"@type\":\"SearchAction\",\"target\":{\"@type\":\"EntryPoint\",\"urlTemplate\":\"https:\\\/\\\/www.sillon38.com\\\/blog\\\/?s={search_term_string}\"},\"query-input\":{\"@type\":\"PropertyValueSpecification\",\"valueRequired\":true,\"valueName\":\"search_term_string\"}}],\"inLanguage\":\"fr-FR\"},{\"@type\":\"Person\",\"@id\":\"https:\\\/\\\/www.sillon38.com\\\/blog\\\/#\\\/schema\\\/person\\\/72f06b5f0494d1edc8f4e5bf63651ff1\",\"name\":\"M Coeur\"}]}<\/script>\n<!-- \/ Yoast SEO plugin. -->","yoast_head_json":{"title":"Indice d\u00e9partemental des fermages 2009-2010: 114,7 -","robots":{"index":"index","follow":"follow","max-snippet":"max-snippet:-1","max-image-preview":"max-image-preview:large","max-video-preview":"max-video-preview:-1"},"canonical":"https:\/\/www.sillon38.com\/blog\/2009\/09\/29\/indice-departemental-des-fermages-20091147\/","og_locale":"fr_FR","og_type":"article","og_title":"Indice d\u00e9partemental des fermages 2009-2010: 114,7 -","og_description":"L'indice des fermages est constat\u00e9 pour l'ann\u00e9e 2009 \u00e0 la valeur de 114,7. Cet indice s'applique \u00e0 tout le d\u00e9partement de l'Is\u00e8re \u00e0 compter du 1er octobre 2009","og_url":"https:\/\/www.sillon38.com\/blog\/2009\/09\/29\/indice-departemental-des-fermages-20091147\/","article_published_time":"2009-09-29T20:23:41+00:00","author":"M Coeur","twitter_card":"summary_large_image","twitter_misc":{"\u00c9crit par":"M Coeur","Dur\u00e9e de lecture estim\u00e9e":"1 minute"},"schema":{"@context":"https:\/\/schema.org","@graph":[{"@type":"Article","@id":"https:\/\/www.sillon38.com\/blog\/2009\/09\/29\/indice-departemental-des-fermages-20091147\/#article","isPartOf":{"@id":"https:\/\/www.sillon38.com\/blog\/2009\/09\/29\/indice-departemental-des-fermages-20091147\/"},"author":{"name":"M Coeur","@id":"https:\/\/www.sillon38.com\/blog\/#\/schema\/person\/72f06b5f0494d1edc8f4e5bf63651ff1"},"headline":"Indice d\u00e9partemental des fermages 2009-2010: 114,7","datePublished":"2009-09-29T20:23:41+00:00","mainEntityOfPage":{"@id":"https:\/\/www.sillon38.com\/blog\/2009\/09\/29\/indice-departemental-des-fermages-20091147\/"},"wordCount":194,"commentCount":0,"keywords":["DDAF","fermages","Is\u00e8re"],"articleSection":["agriculture"],"inLanguage":"fr-FR","potentialAction":[{"@type":"CommentAction","name":"Comment","target":["https:\/\/www.sillon38.com\/blog\/2009\/09\/29\/indice-departemental-des-fermages-20091147\/#respond"]}]},{"@type":"WebPage","@id":"https:\/\/www.sillon38.com\/blog\/2009\/09\/29\/indice-departemental-des-fermages-20091147\/","url":"https:\/\/www.sillon38.com\/blog\/2009\/09\/29\/indice-departemental-des-fermages-20091147\/","name":"Indice d\u00e9partemental des fermages 2009-2010: 114,7 -","isPartOf":{"@id":"https:\/\/www.sillon38.com\/blog\/#website"},"datePublished":"2009-09-29T20:23:41+00:00","author":{"@id":"https:\/\/www.sillon38.com\/blog\/#\/schema\/person\/72f06b5f0494d1edc8f4e5bf63651ff1"},"breadcrumb":{"@id":"https:\/\/www.sillon38.com\/blog\/2009\/09\/29\/indice-departemental-des-fermages-20091147\/#breadcrumb"},"inLanguage":"fr-FR","potentialAction":[{"@type":"ReadAction","target":["https:\/\/www.sillon38.com\/blog\/2009\/09\/29\/indice-departemental-des-fermages-20091147\/"]}]},{"@type":"BreadcrumbList","@id":"https:\/\/www.sillon38.com\/blog\/2009\/09\/29\/indice-departemental-des-fermages-20091147\/#breadcrumb","itemListElement":[{"@type":"ListItem","position":1,"name":"Accueil","item":"https:\/\/www.sillon38.com\/blog\/"},{"@type":"ListItem","position":2,"name":"Indice d\u00e9partemental des fermages 2009-2010: 114,7"}]},{"@type":"WebSite","@id":"https:\/\/www.sillon38.com\/blog\/#website","url":"https:\/\/www.sillon38.com\/blog\/","name":"","description":"Le journal du monde rural","potentialAction":[{"@type":"SearchAction","target":{"@type":"EntryPoint","urlTemplate":"https:\/\/www.sillon38.com\/blog\/?s={search_term_string}"},"query-input":{"@type":"PropertyValueSpecification","valueRequired":true,"valueName":"search_term_string"}}],"inLanguage":"fr-FR"},{"@type":"Person","@id":"https:\/\/www.sillon38.com\/blog\/#\/schema\/person\/72f06b5f0494d1edc8f4e5bf63651ff1","name":"M Coeur"}]}},"_links":{"self":[{"href":"https:\/\/www.sillon38.com\/blog\/wp-json\/wp\/v2\/posts\/8967","targetHints":{"allow":["GET"]}}],"collection":[{"href":"https:\/\/www.sillon38.com\/blog\/wp-json\/wp\/v2\/posts"}],"about":[{"href":"https:\/\/www.sillon38.com\/blog\/wp-json\/wp\/v2\/types\/post"}],"author":[{"embeddable":true,"href":"https:\/\/www.sillon38.com\/blog\/wp-json\/wp\/v2\/users\/2"}],"replies":[{"embeddable":true,"href":"https:\/\/www.sillon38.com\/blog\/wp-json\/wp\/v2\/comments?post=8967"}],"version-history":[{"count":0,"href":"https:\/\/www.sillon38.com\/blog\/wp-json\/wp\/v2\/posts\/8967\/revisions"}],"wp:attachment":[{"href":"https:\/\/www.sillon38.com\/blog\/wp-json\/wp\/v2\/media?parent=8967"}],"wp:term":[{"taxonomy":"category","embeddable":true,"href":"https:\/\/www.sillon38.com\/blog\/wp-json\/wp\/v2\/categories?post=8967"},{"taxonomy":"post_tag","embeddable":true,"href":"https:\/\/www.sillon38.com\/blog\/wp-json\/wp\/v2\/tags?post=8967"}],"curies":[{"name":"wp","href":"https:\/\/api.w.org\/{rel}","templated":true}]}}