{"id":927,"date":"2007-11-11T19:26:49","date_gmt":"2007-11-11T17:26:49","guid":{"rendered":"http:\/\/staging.sillon38.com\/2007\/11\/11\/loupmeme-combat-que-les-agriculteurs\/"},"modified":"2007-11-11T19:26:49","modified_gmt":"2007-11-11T17:26:49","slug":"loupmeme-combat-que-les-agriculteurs","status":"publish","type":"post","link":"https:\/\/www.sillon38.com\/blog\/2007\/11\/11\/loupmeme-combat-que-les-agriculteurs\/","title":{"rendered":"loup: m\u00eame combat que les agriculteurs\u2026."},"content":{"rendered":"<p><strong>Quelques semaines apr\u00e8s l&rsquo;ouverture de la chasse, un point a \u00e9t\u00e9 fait avec Roger Baboud Besse, pr\u00e9sident  de la f\u00e9d\u00e9ration d\u00e9partementale des chasseurs de l&rsquo;Is\u00e8re.<\/strong><\/p>\n<p><em><strong> Comment s&rsquo;est pass\u00e9e l&rsquo;ouverture?<\/strong><\/em><\/p>\n<p>\u00ab C&rsquo;est une bonne ouverture; pourtant on a eu quelques craintes au niveau du petit gibier \u00e0 cause d&rsquo;une m\u00e9t\u00e9o d\u00e9favorable. Bien entendu, on a subi comme les agriculteurs des attaques li\u00e9es au loup. Pour le sanglier, l&rsquo;ann\u00e9e sera bonne, on ma\u00eetrise bien sa population et je me r\u00e9jouis que l&rsquo;on ait pu reprendre le dialogue avec les responsables professionnels agricoles. Ce n&rsquo;est plus la guerre, on travaille normalement et j&rsquo;estime que l&rsquo;on fait du bon travail.<\/p>\n<p>Il y a toujours des d\u00e9gats mais ils sont r\u00e9gl\u00e9s en bonne int\u00e9lligence. Il en est de m\u00eame avec les forestiers. Ceux-ci subissent des d\u00e9g\u00e2ts caus\u00e9s par les chevreuils et les cerfs. On essaie de s&rsquo;entendre et cela se passe bien. Je suis \u00e9galement satisfait de noter que depuis l&rsquo;an 2000 nous n&rsquo;avons pas d&rsquo;accident li\u00e9 \u00e0 la chasse. Une grosse campagne de communication et de pr\u00e9vention a \u00e9t\u00e9 faite dans ce sens et elle porte ses fruits. \u00bb<\/p>\n<p><em><strong> Dossier br\u00fblant le loup <\/strong><\/em><\/p>\n<p>\u00ab H\u00e9las, le sujet est: bien br\u00fblant. Le loup attaque les ovins mais il ne faut pas oublier qu&rsquo;il s&rsquo;attaque \u00e9galement \u00e0 la faune sauvage. Le loup attaque le mouton en \u00e9t\u00e9 et les chevreuils, chamois, mouflons cerfs et faons en hiver. Il les attaque en zone foresti\u00e8re. Les d\u00e9g\u00e2ts caus\u00e9s par le loup sur  la faune sauvage sont moins m\u00e9diatis\u00e9s mais, croyez-moi, sont du m\u00eame calibre, aussi spectaculaires et aussi dramatiques.<\/p>\n<p><img decoding=\"async\" src=\"http:\/\/staging.sillon38.com\/wp-content\/uploads\/2007\/11\/canis_lupus_06.jpg\" alt=\"canis_lupus_06.jpg\" \/><\/p>\n<blockquote><p><strong> Ces attaques sont tellement fr\u00e9quentes qu&rsquo;elles sont entr\u00e9es dans les moeurs!<\/strong><\/p><\/blockquote>\n<p>\u00c0 ce niveau, notre combat doit \u00eatre le m\u00eame que celui que m\u00e8nent les agriculteurs. Je me mets, sans d\u00e9magogie aucune, \u00e0 la place de ces derniers mais \u00e9galement des bergers. Certes, il y a une diff\u00e9rence importante, lorsque des b\u00eates d&rsquo;\u00e9levage sont massacr\u00e9es c&rsquo;est tout un travail qui est remis en cause. Je me dis que l&rsquo;on vit une dr\u00f4le d&rsquo;\u00e9poque. je ne comprends pas, je n&rsquo;admets pas qu&rsquo;une minorit\u00e9  impose le loup mais \u00e9galement l&rsquo;ours, le lynx et que face \u00e0 cela la grande majorit\u00e9 est impuissante, n&rsquo;est pas \u00e9cout\u00e9e. \u00bb<\/p>\n<p><em><strong>Vous avez \u00e9galement travaill\u00e9 avec le monde agricole sur les jach\u00e8res fleuries <\/strong><\/em><\/p>\n<p>\u00ab C&rsquo;est exact. Nous menons en partenariat avec la chambre d&rsquo;agriculture, la DDAF, le conseil g\u00e9n\u00e9ral et les apiculteurs des op\u00e9rations de jach\u00e8res fleuries Celles ci jouent un r\u00f4le bien plus important que celui du coup d&rsquo;oeil esth\u00e9tique. Elles permettent en particulier au petit gibier de plaine de trouver tout ce dont il a besoin. Nous obtenons le m\u00eame r\u00e9sultat avec les jach\u00e8res dites de faune sauvage. Ces jach\u00e8res fleuries jouent un grand r\u00f4le et pourtant l&rsquo;union europ\u00e9enne veut les supprimer. C&rsquo;est une aberration. Nous sommes intervenus aupr\u00e8s des diff\u00e9rents d\u00e9cideurs locaux afin de trouver une solution. \u00bb<\/p>\n<p><em><strong> La jach\u00e8re de Beaucroissant est-elle un coup m\u00e9diatique?<\/strong><\/em><\/p>\n<p><em><strong> <\/strong><\/em><img decoding=\"async\" src=\"http:\/\/staging.sillon38.com\/wp-content\/uploads\/2007\/11\/chasse1.jpg\" alt=\"chasse1.jpg\" \/><\/p>\n<p>\u00ab Pas du tout. Il est exact qu&rsquo;elle est au bord de la route, \u00e0 proximit\u00e9 d&rsquo;un village connu gr\u00e2ce \u00e0 sa foire. Le terrain plat, d&rsquo;une superficie importante, tous les atouts \u00e9taient r\u00e9unis pour y installer une jach\u00e8re fleurie \u00bb<\/p>\n<p><em><strong>C&rsquo;est un peu votre participation au Grenelle de l&rsquo;environnement?<\/strong><\/em><\/p>\n<p><em><strong> <\/strong><\/em>\u00ab Nous n&rsquo;avons pas attendu le Grenelle de l&rsquo;environnement pour se pencher sur diff\u00e9rents probl\u00e8mes li\u00e9s \u00e0 ce sujet. Cela fait plus de 10 ans que l&rsquo;on travaille sur de nombreux dossiers, dans de nombreuses r\u00e9gions et que nous signons des conventions avec diff\u00e9rents partenaires afin de pr\u00e9server notre environnement. \u00bb<\/p>\n<p><em><strong> Comment voyez-vous l&rsquo;avenir de la chasse?<\/strong><\/em><\/p>\n<p><em><strong> <\/strong><\/em>\u00abOn subit tout, comme les agriculteurs, une baisse des surfaces rurales, surtout en plaine et bien \u00e9videmment au bord des villes. Cela n&#8217;emp\u00eache, on n&rsquo;arrivera pas un jour \u00e0 une chasse O. Nul ne doit ignorer que nous sommes la deuxi\u00e8me f\u00e9d\u00e9ration en France, au niveau des adh\u00e9rents, apr\u00e8s le football.<\/p>\n<p>Notre activit\u00e9 doit rester une activit\u00e9 de loisir, celle-ci doit \u00eatre li\u00e9e \u00e0 la protection de l&rsquo;environnement, au maintien de la ruralit\u00e9 &#8230; Nous devons poursuivre nos campagnes d&rsquo;information pour le prouver et pour tenter de convaincre les sceptiques que nous ne sommes pas que des sanguins, des tueurs. Pour en revenir au probl\u00e8me du loup,  je  trouve ridicule de classer les animaux en prot\u00e9g\u00e9s, nuisibles, chassables&#8230;<\/p>\n<blockquote><p><strong>Il serait \u00e0 mon sens plus intelligent de r\u00e9guler toutes les esp\u00e8ces en fonction de normes bien pr\u00e9cises, bien \u00e9tablies. Cela \u00e9viterait de nombreux probl\u00e8mes&#8230; \u00bb<\/strong><\/p><\/blockquote>\n","protected":false},"excerpt":{"rendered":"<p>Quelques semaines apr\u00e8s l&rsquo;ouverture de la chasse, un point a \u00e9t\u00e9 fait avec Roger Baboud Besse, pr\u00e9sident de la f\u00e9d\u00e9ration d\u00e9partementale des chasseurs de l&rsquo;Is\u00e8re. Comment s&rsquo;est pass\u00e9e l&rsquo;ouverture? \u00ab C&rsquo;est une bonne ouverture; pourtant on a eu quelques craintes&#8230;<\/p>\n","protected":false},"author":2,"featured_media":0,"comment_status":"open","ping_status":"open","sticky":false,"template":"","format":"standard","meta":{"footnotes":""},"categories":[92,103],"tags":[],"class_list":["post-927","post","type-post","status-publish","format-standard","hentry","category-chasse","category-interview"],"yoast_head":"<!-- This site is optimized with the Yoast SEO plugin v27.5 - https:\/\/yoast.com\/product\/yoast-seo-wordpress\/ -->\n<title>loup: m\u00eame combat que les agriculteurs\u2026. -<\/title>\n<meta name=\"robots\" content=\"index, follow, max-snippet:-1, max-image-preview:large, max-video-preview:-1\" \/>\n<link rel=\"canonical\" href=\"https:\/\/www.sillon38.com\/blog\/2007\/11\/11\/loupmeme-combat-que-les-agriculteurs\/\" \/>\n<meta property=\"og:locale\" content=\"fr_FR\" \/>\n<meta property=\"og:type\" content=\"article\" \/>\n<meta property=\"og:title\" content=\"loup: m\u00eame combat que les agriculteurs\u2026. -\" \/>\n<meta property=\"og:description\" content=\"Quelques semaines apr\u00e8s l&rsquo;ouverture de la chasse, un point a \u00e9t\u00e9 fait avec Roger Baboud Besse, pr\u00e9sident de la f\u00e9d\u00e9ration d\u00e9partementale des chasseurs de l&rsquo;Is\u00e8re. Comment s&rsquo;est pass\u00e9e l&rsquo;ouverture? \u00ab C&rsquo;est une bonne ouverture; pourtant on a eu quelques craintes...\" \/>\n<meta property=\"og:url\" content=\"https:\/\/www.sillon38.com\/blog\/2007\/11\/11\/loupmeme-combat-que-les-agriculteurs\/\" \/>\n<meta property=\"article:published_time\" content=\"2007-11-11T17:26:49+00:00\" \/>\n<meta property=\"og:image\" content=\"http:\/\/staging.sillon38.com\/wp-content\/uploads\/2007\/11\/canis_lupus_06.jpg\" \/>\n<meta name=\"author\" content=\"M Coeur\" \/>\n<meta name=\"twitter:card\" content=\"summary_large_image\" \/>\n<meta name=\"twitter:label1\" content=\"\u00c9crit par\" \/>\n\t<meta name=\"twitter:data1\" content=\"M Coeur\" \/>\n\t<meta name=\"twitter:label2\" content=\"Dur\u00e9e de lecture estim\u00e9e\" \/>\n\t<meta name=\"twitter:data2\" content=\"4 minutes\" \/>\n<script type=\"application\/ld+json\" class=\"yoast-schema-graph\">{\"@context\":\"https:\\\/\\\/schema.org\",\"@graph\":[{\"@type\":\"Article\",\"@id\":\"https:\\\/\\\/www.sillon38.com\\\/blog\\\/2007\\\/11\\\/11\\\/loupmeme-combat-que-les-agriculteurs\\\/#article\",\"isPartOf\":{\"@id\":\"https:\\\/\\\/www.sillon38.com\\\/blog\\\/2007\\\/11\\\/11\\\/loupmeme-combat-que-les-agriculteurs\\\/\"},\"author\":{\"name\":\"M Coeur\",\"@id\":\"https:\\\/\\\/www.sillon38.com\\\/blog\\\/#\\\/schema\\\/person\\\/72f06b5f0494d1edc8f4e5bf63651ff1\"},\"headline\":\"loup: m\u00eame combat que les agriculteurs\u2026.\",\"datePublished\":\"2007-11-11T17:26:49+00:00\",\"mainEntityOfPage\":{\"@id\":\"https:\\\/\\\/www.sillon38.com\\\/blog\\\/2007\\\/11\\\/11\\\/loupmeme-combat-que-les-agriculteurs\\\/\"},\"wordCount\":843,\"commentCount\":0,\"image\":{\"@id\":\"https:\\\/\\\/www.sillon38.com\\\/blog\\\/2007\\\/11\\\/11\\\/loupmeme-combat-que-les-agriculteurs\\\/#primaryimage\"},\"thumbnailUrl\":\"http:\\\/\\\/staging.sillon38.com\\\/wp-content\\\/uploads\\\/2007\\\/11\\\/canis_lupus_06.jpg\",\"articleSection\":[\"chasse\",\"interview\"],\"inLanguage\":\"fr-FR\",\"potentialAction\":[{\"@type\":\"CommentAction\",\"name\":\"Comment\",\"target\":[\"https:\\\/\\\/www.sillon38.com\\\/blog\\\/2007\\\/11\\\/11\\\/loupmeme-combat-que-les-agriculteurs\\\/#respond\"]}]},{\"@type\":\"WebPage\",\"@id\":\"https:\\\/\\\/www.sillon38.com\\\/blog\\\/2007\\\/11\\\/11\\\/loupmeme-combat-que-les-agriculteurs\\\/\",\"url\":\"https:\\\/\\\/www.sillon38.com\\\/blog\\\/2007\\\/11\\\/11\\\/loupmeme-combat-que-les-agriculteurs\\\/\",\"name\":\"loup: m\u00eame combat que les agriculteurs\u2026. -\",\"isPartOf\":{\"@id\":\"https:\\\/\\\/www.sillon38.com\\\/blog\\\/#website\"},\"primaryImageOfPage\":{\"@id\":\"https:\\\/\\\/www.sillon38.com\\\/blog\\\/2007\\\/11\\\/11\\\/loupmeme-combat-que-les-agriculteurs\\\/#primaryimage\"},\"image\":{\"@id\":\"https:\\\/\\\/www.sillon38.com\\\/blog\\\/2007\\\/11\\\/11\\\/loupmeme-combat-que-les-agriculteurs\\\/#primaryimage\"},\"thumbnailUrl\":\"http:\\\/\\\/staging.sillon38.com\\\/wp-content\\\/uploads\\\/2007\\\/11\\\/canis_lupus_06.jpg\",\"datePublished\":\"2007-11-11T17:26:49+00:00\",\"author\":{\"@id\":\"https:\\\/\\\/www.sillon38.com\\\/blog\\\/#\\\/schema\\\/person\\\/72f06b5f0494d1edc8f4e5bf63651ff1\"},\"breadcrumb\":{\"@id\":\"https:\\\/\\\/www.sillon38.com\\\/blog\\\/2007\\\/11\\\/11\\\/loupmeme-combat-que-les-agriculteurs\\\/#breadcrumb\"},\"inLanguage\":\"fr-FR\",\"potentialAction\":[{\"@type\":\"ReadAction\",\"target\":[\"https:\\\/\\\/www.sillon38.com\\\/blog\\\/2007\\\/11\\\/11\\\/loupmeme-combat-que-les-agriculteurs\\\/\"]}]},{\"@type\":\"ImageObject\",\"inLanguage\":\"fr-FR\",\"@id\":\"https:\\\/\\\/www.sillon38.com\\\/blog\\\/2007\\\/11\\\/11\\\/loupmeme-combat-que-les-agriculteurs\\\/#primaryimage\",\"url\":\"http:\\\/\\\/staging.sillon38.com\\\/wp-content\\\/uploads\\\/2007\\\/11\\\/canis_lupus_06.jpg\",\"contentUrl\":\"http:\\\/\\\/staging.sillon38.com\\\/wp-content\\\/uploads\\\/2007\\\/11\\\/canis_lupus_06.jpg\"},{\"@type\":\"BreadcrumbList\",\"@id\":\"https:\\\/\\\/www.sillon38.com\\\/blog\\\/2007\\\/11\\\/11\\\/loupmeme-combat-que-les-agriculteurs\\\/#breadcrumb\",\"itemListElement\":[{\"@type\":\"ListItem\",\"position\":1,\"name\":\"Accueil\",\"item\":\"https:\\\/\\\/www.sillon38.com\\\/blog\\\/\"},{\"@type\":\"ListItem\",\"position\":2,\"name\":\"loup: m\u00eame combat que les agriculteurs\u2026.\"}]},{\"@type\":\"WebSite\",\"@id\":\"https:\\\/\\\/www.sillon38.com\\\/blog\\\/#website\",\"url\":\"https:\\\/\\\/www.sillon38.com\\\/blog\\\/\",\"name\":\"\",\"description\":\"Le journal du monde rural\",\"potentialAction\":[{\"@type\":\"SearchAction\",\"target\":{\"@type\":\"EntryPoint\",\"urlTemplate\":\"https:\\\/\\\/www.sillon38.com\\\/blog\\\/?s={search_term_string}\"},\"query-input\":{\"@type\":\"PropertyValueSpecification\",\"valueRequired\":true,\"valueName\":\"search_term_string\"}}],\"inLanguage\":\"fr-FR\"},{\"@type\":\"Person\",\"@id\":\"https:\\\/\\\/www.sillon38.com\\\/blog\\\/#\\\/schema\\\/person\\\/72f06b5f0494d1edc8f4e5bf63651ff1\",\"name\":\"M Coeur\"}]}<\/script>\n<!-- \/ Yoast SEO plugin. -->","yoast_head_json":{"title":"loup: m\u00eame combat que les agriculteurs\u2026. -","robots":{"index":"index","follow":"follow","max-snippet":"max-snippet:-1","max-image-preview":"max-image-preview:large","max-video-preview":"max-video-preview:-1"},"canonical":"https:\/\/www.sillon38.com\/blog\/2007\/11\/11\/loupmeme-combat-que-les-agriculteurs\/","og_locale":"fr_FR","og_type":"article","og_title":"loup: m\u00eame combat que les agriculteurs\u2026. -","og_description":"Quelques semaines apr\u00e8s l&rsquo;ouverture de la chasse, un point a \u00e9t\u00e9 fait avec Roger Baboud Besse, pr\u00e9sident de la f\u00e9d\u00e9ration d\u00e9partementale des chasseurs de l&rsquo;Is\u00e8re. Comment s&rsquo;est pass\u00e9e l&rsquo;ouverture? \u00ab C&rsquo;est une bonne ouverture; pourtant on a eu quelques craintes...","og_url":"https:\/\/www.sillon38.com\/blog\/2007\/11\/11\/loupmeme-combat-que-les-agriculteurs\/","article_published_time":"2007-11-11T17:26:49+00:00","og_image":[{"url":"http:\/\/staging.sillon38.com\/wp-content\/uploads\/2007\/11\/canis_lupus_06.jpg","type":"","width":"","height":""}],"author":"M Coeur","twitter_card":"summary_large_image","twitter_misc":{"\u00c9crit par":"M Coeur","Dur\u00e9e de lecture estim\u00e9e":"4 minutes"},"schema":{"@context":"https:\/\/schema.org","@graph":[{"@type":"Article","@id":"https:\/\/www.sillon38.com\/blog\/2007\/11\/11\/loupmeme-combat-que-les-agriculteurs\/#article","isPartOf":{"@id":"https:\/\/www.sillon38.com\/blog\/2007\/11\/11\/loupmeme-combat-que-les-agriculteurs\/"},"author":{"name":"M Coeur","@id":"https:\/\/www.sillon38.com\/blog\/#\/schema\/person\/72f06b5f0494d1edc8f4e5bf63651ff1"},"headline":"loup: m\u00eame combat que les agriculteurs\u2026.","datePublished":"2007-11-11T17:26:49+00:00","mainEntityOfPage":{"@id":"https:\/\/www.sillon38.com\/blog\/2007\/11\/11\/loupmeme-combat-que-les-agriculteurs\/"},"wordCount":843,"commentCount":0,"image":{"@id":"https:\/\/www.sillon38.com\/blog\/2007\/11\/11\/loupmeme-combat-que-les-agriculteurs\/#primaryimage"},"thumbnailUrl":"http:\/\/staging.sillon38.com\/wp-content\/uploads\/2007\/11\/canis_lupus_06.jpg","articleSection":["chasse","interview"],"inLanguage":"fr-FR","potentialAction":[{"@type":"CommentAction","name":"Comment","target":["https:\/\/www.sillon38.com\/blog\/2007\/11\/11\/loupmeme-combat-que-les-agriculteurs\/#respond"]}]},{"@type":"WebPage","@id":"https:\/\/www.sillon38.com\/blog\/2007\/11\/11\/loupmeme-combat-que-les-agriculteurs\/","url":"https:\/\/www.sillon38.com\/blog\/2007\/11\/11\/loupmeme-combat-que-les-agriculteurs\/","name":"loup: m\u00eame combat que les agriculteurs\u2026. -","isPartOf":{"@id":"https:\/\/www.sillon38.com\/blog\/#website"},"primaryImageOfPage":{"@id":"https:\/\/www.sillon38.com\/blog\/2007\/11\/11\/loupmeme-combat-que-les-agriculteurs\/#primaryimage"},"image":{"@id":"https:\/\/www.sillon38.com\/blog\/2007\/11\/11\/loupmeme-combat-que-les-agriculteurs\/#primaryimage"},"thumbnailUrl":"http:\/\/staging.sillon38.com\/wp-content\/uploads\/2007\/11\/canis_lupus_06.jpg","datePublished":"2007-11-11T17:26:49+00:00","author":{"@id":"https:\/\/www.sillon38.com\/blog\/#\/schema\/person\/72f06b5f0494d1edc8f4e5bf63651ff1"},"breadcrumb":{"@id":"https:\/\/www.sillon38.com\/blog\/2007\/11\/11\/loupmeme-combat-que-les-agriculteurs\/#breadcrumb"},"inLanguage":"fr-FR","potentialAction":[{"@type":"ReadAction","target":["https:\/\/www.sillon38.com\/blog\/2007\/11\/11\/loupmeme-combat-que-les-agriculteurs\/"]}]},{"@type":"ImageObject","inLanguage":"fr-FR","@id":"https:\/\/www.sillon38.com\/blog\/2007\/11\/11\/loupmeme-combat-que-les-agriculteurs\/#primaryimage","url":"http:\/\/staging.sillon38.com\/wp-content\/uploads\/2007\/11\/canis_lupus_06.jpg","contentUrl":"http:\/\/staging.sillon38.com\/wp-content\/uploads\/2007\/11\/canis_lupus_06.jpg"},{"@type":"BreadcrumbList","@id":"https:\/\/www.sillon38.com\/blog\/2007\/11\/11\/loupmeme-combat-que-les-agriculteurs\/#breadcrumb","itemListElement":[{"@type":"ListItem","position":1,"name":"Accueil","item":"https:\/\/www.sillon38.com\/blog\/"},{"@type":"ListItem","position":2,"name":"loup: m\u00eame combat que les agriculteurs\u2026."}]},{"@type":"WebSite","@id":"https:\/\/www.sillon38.com\/blog\/#website","url":"https:\/\/www.sillon38.com\/blog\/","name":"","description":"Le journal du monde rural","potentialAction":[{"@type":"SearchAction","target":{"@type":"EntryPoint","urlTemplate":"https:\/\/www.sillon38.com\/blog\/?s={search_term_string}"},"query-input":{"@type":"PropertyValueSpecification","valueRequired":true,"valueName":"search_term_string"}}],"inLanguage":"fr-FR"},{"@type":"Person","@id":"https:\/\/www.sillon38.com\/blog\/#\/schema\/person\/72f06b5f0494d1edc8f4e5bf63651ff1","name":"M Coeur"}]}},"_links":{"self":[{"href":"https:\/\/www.sillon38.com\/blog\/wp-json\/wp\/v2\/posts\/927","targetHints":{"allow":["GET"]}}],"collection":[{"href":"https:\/\/www.sillon38.com\/blog\/wp-json\/wp\/v2\/posts"}],"about":[{"href":"https:\/\/www.sillon38.com\/blog\/wp-json\/wp\/v2\/types\/post"}],"author":[{"embeddable":true,"href":"https:\/\/www.sillon38.com\/blog\/wp-json\/wp\/v2\/users\/2"}],"replies":[{"embeddable":true,"href":"https:\/\/www.sillon38.com\/blog\/wp-json\/wp\/v2\/comments?post=927"}],"version-history":[{"count":0,"href":"https:\/\/www.sillon38.com\/blog\/wp-json\/wp\/v2\/posts\/927\/revisions"}],"wp:attachment":[{"href":"https:\/\/www.sillon38.com\/blog\/wp-json\/wp\/v2\/media?parent=927"}],"wp:term":[{"taxonomy":"category","embeddable":true,"href":"https:\/\/www.sillon38.com\/blog\/wp-json\/wp\/v2\/categories?post=927"},{"taxonomy":"post_tag","embeddable":true,"href":"https:\/\/www.sillon38.com\/blog\/wp-json\/wp\/v2\/tags?post=927"}],"curies":[{"name":"wp","href":"https:\/\/api.w.org\/{rel}","templated":true}]}}